{"id":11728,"date":"2021-09-03T19:03:56","date_gmt":"2021-09-03T22:03:56","guid":{"rendered":"https:\/\/mjtom.com.br\/site1\/?p=11728"},"modified":"2022-01-07T13:03:35","modified_gmt":"2022-01-07T16:03:35","slug":"comunicado-feriado-da-independencia-do-brasil","status":"publish","type":"post","link":"https:\/\/sinprfsp.org.br\/index.php\/2021\/09\/03\/comunicado-feriado-da-independencia-do-brasil\/","title":{"rendered":"Comunicado &#8211; Feriado da Independ\u00eancia do Brasil"},"content":{"rendered":"<div class=\"descricao\">\n<p style=\"text-align: justify;\"><span style=\"font-size: small;\">A diretoria do SINPRF-SP informa aos seus sindicalizados que, em virtude do Feriado da Independ\u00eancia do Brasil, o sindicato n\u00e3o contar\u00e1 com expediente nos dias 06 e 07 de setembro. Suas atividades ser\u00e3o retomadas na quarta-feira (8), a partir das 9h.<\/span><\/p>\n<\/div>\n","protected":false},"excerpt":{"rendered":"<p>A diretoria do SINPRF-SP informa aos seus sindicalizados que, em virtude do Feriado da Independ\u00eancia do Brasil, o sindicato n\u00e3o contar\u00e1 com expediente nos dias 06 e 07 de setembro. Suas atividades ser\u00e3o retomadas na quarta-feira (8), a partir das 9h.<\/p>\n","protected":false},"author":3,"featured_media":11729,"comment_status":"closed","ping_status":"closed","sticky":false,"template":"","format":"standard","meta":{"footnotes":""},"categories":[1],"tags":[],"class_list":["post-11728","post","type-post","status-publish","format-standard","has-post-thumbnail","hentry","category-noticias-gerais"],"_links":{"self":[{"href":"https:\/\/sinprfsp.org.br\/index.php\/wp-json\/wp\/v2\/posts\/11728","targetHints":{"allow":["GET"]}}],"collection":[{"href":"https:\/\/sinprfsp.org.br\/index.php\/wp-json\/wp\/v2\/posts"}],"about":[{"href":"https:\/\/sinprfsp.org.br\/index.php\/wp-json\/wp\/v2\/types\/post"}],"author":[{"embeddable":true,"href":"https:\/\/sinprfsp.org.br\/index.php\/wp-json\/wp\/v2\/users\/3"}],"replies":[{"embeddable":true,"href":"https:\/\/sinprfsp.org.br\/index.php\/wp-json\/wp\/v2\/comments?post=11728"}],"version-history":[{"count":1,"href":"https:\/\/sinprfsp.org.br\/index.php\/wp-json\/wp\/v2\/posts\/11728\/revisions"}],"predecessor-version":[{"id":11730,"href":"https:\/\/sinprfsp.org.br\/index.php\/wp-json\/wp\/v2\/posts\/11728\/revisions\/11730"}],"wp:featuredmedia":[{"embeddable":true,"href":"https:\/\/sinprfsp.org.br\/index.php\/wp-json\/wp\/v2\/media\/11729"}],"wp:attachment":[{"href":"https:\/\/sinprfsp.org.br\/index.php\/wp-json\/wp\/v2\/media?parent=11728"}],"wp:term":[{"taxonomy":"category","embeddable":true,"href":"https:\/\/sinprfsp.org.br\/index.php\/wp-json\/wp\/v2\/categories?post=11728"},{"taxonomy":"post_tag","embeddable":true,"href":"https:\/\/sinprfsp.org.br\/index.php\/wp-json\/wp\/v2\/tags?post=11728"}],"curies":[{"name":"wp","href":"https:\/\/api.w.org\/{rel}","templated":true}]}}