{"id":11825,"date":"2021-07-12T19:07:20","date_gmt":"2021-07-12T22:07:20","guid":{"rendered":"https:\/\/mjtom.com.br\/site1\/?p=11825"},"modified":"2022-01-07T13:03:34","modified_gmt":"2022-01-07T16:03:34","slug":"listagem-dos-prfs-que-ja-receberam-os-depositos-dos-valores-do-317","status":"publish","type":"post","link":"https:\/\/sinprfsp.org.br\/index.php\/2021\/07\/12\/listagem-dos-prfs-que-ja-receberam-os-depositos-dos-valores-do-317\/","title":{"rendered":"Listagem dos PRFs que j\u00e1 receberam os dep\u00f3sitos dos valores do 3,17%"},"content":{"rendered":"<div class=\"descricao\">\n<p style=\"text-align: justify;\"><span style=\"font-size: small;\">\u00a0 A diretoria jur\u00eddica da FenaPRF divulgou lista com o nome dos filiados que j\u00e1 receberam os dep\u00f3sitos referentes aos valores do 3,17%. A listagem \u00e9 para os dep\u00f3sitos realizados at\u00e9 setembro de 2019. Ressaltando que as informa\u00e7\u00f5es j\u00e1 foram amplamente divulgadas.<\/span><\/p>\n<p style=\"text-align: justify;\"><span style=\"font-size: small;\">\u00a0 No link abaixo encontram-se os nomes dos filiados aos Sindicatos Regionais e as respectivas institui\u00e7\u00f5es financeiras em que foram depositados os valores dos 3,17% at\u00e9 o m\u00eas de setembro de 2019.<\/span><\/p>\n<p style=\"text-align: justify;\"><span style=\"font-size: small;\">\u00a0 Essas informa\u00e7\u00f5es j\u00e1 foram amplamente divulgadas, mas ainda h\u00e1 filiados que at\u00e9 a presente data n\u00e3o levantaram os valores, o que tem trazido a necessidade de procedimentos adicionais para reexpedi\u00e7\u00e3o dos requisit\u00f3rios.<\/span><\/p>\n<p style=\"text-align: justify;\"><span style=\"font-size: small;\">\u00a0 Se seu nome estiver em uma das listas, mas voc\u00ea ainda n\u00e3o recebeu, procure uma ag\u00eancia da institui\u00e7\u00e3o que aparece ao lado do seu nome, munido de um documento oficial com foto e informe que h\u00e1 um precat\u00f3rio federal em seu nome para ser recebido.<\/span><\/p>\n<p style=\"text-align: justify;\"><span style=\"font-size: small;\">\u00a0 Caso o valor tenha sido depositado h\u00e1 mais de dois anos poder\u00e1 ter sido devolvido. Nesse caso, entre em contato com o Sindicato ao qual est\u00e1 filiado para informar-se a respeito da documenta\u00e7\u00e3o necess\u00e1ria \u00e0 reexpedi\u00e7\u00e3o.<\/span><\/p>\n<p style=\"text-align: justify;\"><span style=\"font-size: small;\">\u00a0 Se voc\u00ea j\u00e1 recebeu o valor dos 3,17%, inclusive em virtude de a\u00e7\u00f5es regionais ou individuais, n\u00e3o dever\u00e1 levantar qualquer valor eventualmente depositado em duplicidade.<\/span><\/p>\n<p style=\"text-align: justify;\"><span style=\"font-size: small;\"><strong><em><a href=\"https:\/\/docs.google.com\/spreadsheets\/u\/4\/d\/e\/2PACX-1vTB90upTAt0I1W_SrznggtjU_MpRBzeXgRJL55cAIH6bFY_gLXyTbzTqYyaB2Y946e834jXA2cJVPpq\/pubhtml\" target=\"_blank\" rel=\"noopener\">Clique aqui<\/a>\u00a0<\/em><\/strong><em>e navegue pelas abas de acordo com seu estado.<\/em><\/span><\/p>\n<p style=\"text-align: justify;\">\u00a0<\/p>\n<p style=\"text-align: justify;\"><span style=\"font-size: small;\"><em>Com informa\u00e7\u00f5es da FenaPRF<\/em><\/span><\/p>\n<\/div>\n","protected":false},"excerpt":{"rendered":"<p>\u00a0 A diretoria jur\u00eddica da FenaPRF divulgou lista com o nome dos filiados que j\u00e1 receberam os dep\u00f3sitos referentes aos valores do 3,17%. A listagem \u00e9 para os dep\u00f3sitos realizados at\u00e9 setembro de 2019. Ressaltando que as informa\u00e7\u00f5es j\u00e1 foram amplamente divulgadas. \u00a0 No link abaixo encontram-se os nomes dos filiados aos Sindicatos Regionais e [&hellip;]<\/p>\n","protected":false},"author":3,"featured_media":11826,"comment_status":"closed","ping_status":"closed","sticky":false,"template":"","format":"standard","meta":{"footnotes":""},"categories":[1],"tags":[],"class_list":["post-11825","post","type-post","status-publish","format-standard","has-post-thumbnail","hentry","category-noticias-gerais"],"_links":{"self":[{"href":"https:\/\/sinprfsp.org.br\/index.php\/wp-json\/wp\/v2\/posts\/11825","targetHints":{"allow":["GET"]}}],"collection":[{"href":"https:\/\/sinprfsp.org.br\/index.php\/wp-json\/wp\/v2\/posts"}],"about":[{"href":"https:\/\/sinprfsp.org.br\/index.php\/wp-json\/wp\/v2\/types\/post"}],"author":[{"embeddable":true,"href":"https:\/\/sinprfsp.org.br\/index.php\/wp-json\/wp\/v2\/users\/3"}],"replies":[{"embeddable":true,"href":"https:\/\/sinprfsp.org.br\/index.php\/wp-json\/wp\/v2\/comments?post=11825"}],"version-history":[{"count":1,"href":"https:\/\/sinprfsp.org.br\/index.php\/wp-json\/wp\/v2\/posts\/11825\/revisions"}],"predecessor-version":[{"id":11827,"href":"https:\/\/sinprfsp.org.br\/index.php\/wp-json\/wp\/v2\/posts\/11825\/revisions\/11827"}],"wp:featuredmedia":[{"embeddable":true,"href":"https:\/\/sinprfsp.org.br\/index.php\/wp-json\/wp\/v2\/media\/11826"}],"wp:attachment":[{"href":"https:\/\/sinprfsp.org.br\/index.php\/wp-json\/wp\/v2\/media?parent=11825"}],"wp:term":[{"taxonomy":"category","embeddable":true,"href":"https:\/\/sinprfsp.org.br\/index.php\/wp-json\/wp\/v2\/categories?post=11825"},{"taxonomy":"post_tag","embeddable":true,"href":"https:\/\/sinprfsp.org.br\/index.php\/wp-json\/wp\/v2\/tags?post=11825"}],"curies":[{"name":"wp","href":"https:\/\/api.w.org\/{rel}","templated":true}]}}