{"id":11899,"date":"2021-05-26T19:11:27","date_gmt":"2021-05-26T22:11:27","guid":{"rendered":"https:\/\/mjtom.com.br\/site1\/?p=11899"},"modified":"2022-01-07T13:03:34","modified_gmt":"2022-01-07T16:03:34","slug":"superintendente-da-prf-em-sao-paulo-realizara-videochamada-com-veteranos","status":"publish","type":"post","link":"https:\/\/sinprfsp.org.br\/index.php\/2021\/05\/26\/superintendente-da-prf-em-sao-paulo-realizara-videochamada-com-veteranos\/","title":{"rendered":"Superintendente da PRF em S\u00e3o Paulo realizar\u00e1 videochamada com veteranos"},"content":{"rendered":"<div class=\"descricao\">\n<p style=\"text-align: justify;\"><span style=\"font-size: small;\">\u00a0 Informamos que nesta sexta (28\/05), \u00e0s 11h, o Superintendente da PRF em S\u00e3o Paulo realizar\u00e1 uma videochamada para uma conversa com nossos veteranos.<\/span><\/p>\n<p style=\"text-align: justify;\"><span style=\"font-size: small;\">\u00a0 O encontro ser\u00e1 realizado por meio do link Google Meet (<a href=\"https:\/\/meet.google.com\/stx-jqdo-pck\">https:\/\/meet.google.com\/stx-jqdo-pck<\/a>).<\/span><\/p>\n<p style=\"text-align: justify;\"><span style=\"font-size: small;\">\u00a0 Vale lembrar que para participar da reuni\u00e3o, n\u00e3o h\u00e1 necessidade da utiliza\u00e7\u00e3o do e-mail funcional.<\/span><\/p>\n<p style=\"text-align: justify;\">\u00a0<\/p>\n<p style=\"text-align: center;\"><span style=\"font-size: small;\"><img fetchpriority=\"high\" decoding=\"async\" title=\"Videoconfer\u00eancia\" src=\"https:\/\/mjtom.com.br\/site1\/wp-content\/uploads\/2021\/10\/superintendente-da-prf-em-sao-paulo-realizara-videochamada-com-veteranos_61787d0d39022.jpeg\" alt=\"Videoconfer\u00eancia\" width=\"438\" height=\"729\"><\/span><\/p>\n<\/div>\n","protected":false},"excerpt":{"rendered":"<p>\u00a0 Informamos que nesta sexta (28\/05), \u00e0s 11h, o Superintendente da PRF em S\u00e3o Paulo realizar\u00e1 uma videochamada para uma conversa com nossos veteranos. \u00a0 O encontro ser\u00e1 realizado por meio do link Google Meet (https:\/\/meet.google.com\/stx-jqdo-pck). \u00a0 Vale lembrar que para participar da reuni\u00e3o, n\u00e3o h\u00e1 necessidade da utiliza\u00e7\u00e3o do e-mail funcional. \u00a0<\/p>\n","protected":false},"author":3,"featured_media":11900,"comment_status":"closed","ping_status":"closed","sticky":false,"template":"","format":"standard","meta":{"footnotes":""},"categories":[1],"tags":[],"class_list":["post-11899","post","type-post","status-publish","format-standard","has-post-thumbnail","hentry","category-noticias-gerais"],"_links":{"self":[{"href":"https:\/\/sinprfsp.org.br\/index.php\/wp-json\/wp\/v2\/posts\/11899","targetHints":{"allow":["GET"]}}],"collection":[{"href":"https:\/\/sinprfsp.org.br\/index.php\/wp-json\/wp\/v2\/posts"}],"about":[{"href":"https:\/\/sinprfsp.org.br\/index.php\/wp-json\/wp\/v2\/types\/post"}],"author":[{"embeddable":true,"href":"https:\/\/sinprfsp.org.br\/index.php\/wp-json\/wp\/v2\/users\/3"}],"replies":[{"embeddable":true,"href":"https:\/\/sinprfsp.org.br\/index.php\/wp-json\/wp\/v2\/comments?post=11899"}],"version-history":[{"count":1,"href":"https:\/\/sinprfsp.org.br\/index.php\/wp-json\/wp\/v2\/posts\/11899\/revisions"}],"predecessor-version":[{"id":11902,"href":"https:\/\/sinprfsp.org.br\/index.php\/wp-json\/wp\/v2\/posts\/11899\/revisions\/11902"}],"wp:featuredmedia":[{"embeddable":true,"href":"https:\/\/sinprfsp.org.br\/index.php\/wp-json\/wp\/v2\/media\/11900"}],"wp:attachment":[{"href":"https:\/\/sinprfsp.org.br\/index.php\/wp-json\/wp\/v2\/media?parent=11899"}],"wp:term":[{"taxonomy":"category","embeddable":true,"href":"https:\/\/sinprfsp.org.br\/index.php\/wp-json\/wp\/v2\/categories?post=11899"},{"taxonomy":"post_tag","embeddable":true,"href":"https:\/\/sinprfsp.org.br\/index.php\/wp-json\/wp\/v2\/tags?post=11899"}],"curies":[{"name":"wp","href":"https:\/\/api.w.org\/{rel}","templated":true}]}}