{"id":11987,"date":"2021-03-30T21:09:36","date_gmt":"2021-03-31T00:09:36","guid":{"rendered":"https:\/\/mjtom.com.br\/site1\/?p=11987"},"modified":"2022-01-07T13:03:32","modified_gmt":"2022-01-07T16:03:32","slug":"fenaprf-ingressa-com-mandado-de-seguranca-contra-a-operacao-prosperidade","status":"publish","type":"post","link":"https:\/\/sinprfsp.org.br\/index.php\/2021\/03\/30\/fenaprf-ingressa-com-mandado-de-seguranca-contra-a-operacao-prosperidade\/","title":{"rendered":"FenaPRF ingressa com Mandado de Seguran\u00e7a contra a Opera\u00e7\u00e3o Prosperidade"},"content":{"rendered":"<div class=\"descricao\">\n<p style=\"text-align: justify;\"><span style=\"font-size: small;\">\u00a0 O sistema sindical PRF, por meio da FenaPRF, protocolou nesta segunda-feira (29) um Mandado de Seguran\u00e7a requerendo ao Poder Judici\u00e1rio a suspens\u00e3o da Opera\u00e7\u00e3o Prosperidade, para assegurar o direito fundamental \u00e0 sa\u00fade de todos os Policiais Rodovi\u00e1rios Federais e da popula\u00e7\u00e3o em geral.<\/span><\/p>\n<p style=\"text-align: justify;\"><span style=\"font-size: small;\">\u00a0 A medida foi necess\u00e1ria porque o Diretor de Opera\u00e7\u00f5es insiste em realizar opera\u00e7\u00f5es de car\u00e1ter nacional envolvendo policiais de todas as unidades da Federa\u00e7\u00e3o, apesar do agravamento da pandemia. Na a\u00e7\u00e3o, a FenaPRF sustenta que a realiza\u00e7\u00e3o de opera\u00e7\u00f5es nacionais, envolvendo a mobiliza\u00e7\u00e3o de grande quantidade de efetivo policial, \u00e9 desarrazoada, pois aumenta desnecessariamente o risco de cont\u00e1gio dos policiais.<\/span><\/p>\n<p style=\"text-align: justify;\"><span style=\"font-size: small;\">\u00a0N\u00e3o h\u00e1 d\u00favidas que se trata de determina\u00e7\u00e3o na contram\u00e3o da excepcionalidade do momento mundialmente vivido, o qual imp\u00f5e o cuidado de se manter apenas os servi\u00e7os essenciais, urgentes e inadi\u00e1veis. A Administra\u00e7\u00e3o ignora a realidade de cada regi\u00e3o do Brasil, sendo que algumas foram obrigadas a decretar\u00a0<em>lockdown<\/em>\u00a0em raz\u00e3o do avan\u00e7o da pandemia.<\/span><\/p>\n<p style=\"text-align: justify;\"><span style=\"font-size: small;\">\u00a0Sabe-se que o Decreto n\u00ba 10.292, de 202010, elencou as atividades de Seguran\u00e7a P\u00fablica como essenciais, as quais n\u00e3o podem ser adiadas durante o quadro da pandemia. No entanto, n\u00e3o se pode tomar a essencialidade da atividade como uma justificativa para expor desnecessariamente os servidores ao cont\u00e1gio do risco do novo coronav\u00edrus.<\/span><\/p>\n<p style=\"text-align: justify;\"><span style=\"font-size: small;\">\u00a0Por isso, a persist\u00eancia em realizar opera\u00e7\u00f5es nacionais mostra o descaso com a sa\u00fade dos policiais e da popula\u00e7\u00e3o, descumprindo decis\u00e3o do Plen\u00e1rio do Supremo Tribunal Federal, no julgamento da ADI 6421. Na decis\u00e3o o STF reconheceu, em car\u00e1ter vinculante, a necessidade de a autoridade p\u00fablica observar normas e crit\u00e9rios cient\u00edficos e t\u00e9cnicos, bem como os princ\u00edpios constitucionais da precau\u00e7\u00e3o e da preven\u00e7\u00e3o, em respeito \u00e0 vida e \u00e0 sa\u00fade, sob pena de responsabiliza\u00e7\u00e3o da autoridade.<\/span><\/p>\n<p style=\"text-align: justify;\"><span style=\"font-size: small;\">\u00a0O processo foi protocolado sob o n\u00ba 1017571-49.2021.4.01.3400 est\u00e1 aguardando a decis\u00e3o do Poder Judici\u00e1rio.<\/span><\/p>\n<p style=\"text-align: justify;\"><span style=\"font-size: small;\">\u00a0<\/span><span style=\"font-size: small;\">Fonte: FenaPRF<\/span><\/p>\n<p style=\"text-align: justify;\"><span style=\"font-size: small;\">\u00a0<\/span><\/p>\n<\/div>\n","protected":false},"excerpt":{"rendered":"<p>\u00a0 O sistema sindical PRF, por meio da FenaPRF, protocolou nesta segunda-feira (29) um Mandado de Seguran\u00e7a requerendo ao Poder Judici\u00e1rio a suspens\u00e3o da Opera\u00e7\u00e3o Prosperidade, para assegurar o direito fundamental \u00e0 sa\u00fade de todos os Policiais Rodovi\u00e1rios Federais e da popula\u00e7\u00e3o em geral. \u00a0 A medida foi necess\u00e1ria porque o Diretor de Opera\u00e7\u00f5es insiste [&hellip;]<\/p>\n","protected":false},"author":3,"featured_media":11988,"comment_status":"closed","ping_status":"closed","sticky":false,"template":"","format":"standard","meta":{"footnotes":""},"categories":[41],"tags":[],"class_list":["post-11987","post","type-post","status-publish","format-standard","has-post-thumbnail","hentry","category-noticias-em-destaque"],"_links":{"self":[{"href":"https:\/\/sinprfsp.org.br\/index.php\/wp-json\/wp\/v2\/posts\/11987","targetHints":{"allow":["GET"]}}],"collection":[{"href":"https:\/\/sinprfsp.org.br\/index.php\/wp-json\/wp\/v2\/posts"}],"about":[{"href":"https:\/\/sinprfsp.org.br\/index.php\/wp-json\/wp\/v2\/types\/post"}],"author":[{"embeddable":true,"href":"https:\/\/sinprfsp.org.br\/index.php\/wp-json\/wp\/v2\/users\/3"}],"replies":[{"embeddable":true,"href":"https:\/\/sinprfsp.org.br\/index.php\/wp-json\/wp\/v2\/comments?post=11987"}],"version-history":[{"count":1,"href":"https:\/\/sinprfsp.org.br\/index.php\/wp-json\/wp\/v2\/posts\/11987\/revisions"}],"predecessor-version":[{"id":11989,"href":"https:\/\/sinprfsp.org.br\/index.php\/wp-json\/wp\/v2\/posts\/11987\/revisions\/11989"}],"wp:featuredmedia":[{"embeddable":true,"href":"https:\/\/sinprfsp.org.br\/index.php\/wp-json\/wp\/v2\/media\/11988"}],"wp:attachment":[{"href":"https:\/\/sinprfsp.org.br\/index.php\/wp-json\/wp\/v2\/media?parent=11987"}],"wp:term":[{"taxonomy":"category","embeddable":true,"href":"https:\/\/sinprfsp.org.br\/index.php\/wp-json\/wp\/v2\/categories?post=11987"},{"taxonomy":"post_tag","embeddable":true,"href":"https:\/\/sinprfsp.org.br\/index.php\/wp-json\/wp\/v2\/tags?post=11987"}],"curies":[{"name":"wp","href":"https:\/\/api.w.org\/{rel}","templated":true}]}}