{"id":12004,"date":"2021-03-19T21:11:04","date_gmt":"2021-03-20T00:11:04","guid":{"rendered":"https:\/\/mjtom.com.br\/site1\/?p=12004"},"modified":"2022-01-07T13:03:32","modified_gmt":"2022-01-07T16:03:32","slug":"nota-de-pesar-major-olimpio","status":"publish","type":"post","link":"https:\/\/sinprfsp.org.br\/index.php\/2021\/03\/19\/nota-de-pesar-major-olimpio\/","title":{"rendered":"Nota de Pesar &#8211; Major Ol\u00edmpio"},"content":{"rendered":"<div class=\"descricao\">\n<p style=\"text-align: center;\" align=\"center\"><span style=\"font-size: small;\"><strong>NOTA DE PESAR<\/strong><\/span><\/p>\n<p style=\"text-align: justify;\"><span style=\"font-size: small; text-align: justify;\">\u00a0 A Diretoria do Sindicato dos Policiais Rodovi\u00e1rios Federais no Estado de S\u00e3o Paulo (SINPRF-SP) vem a p\u00fablico manifestar seu profundo e absoluto pesar com a morte do Senador Major Ol\u00edmpio.<\/span><\/p>\n<p style=\"text-align: justify;\"><span style=\"font-size: small;\">\u00a0 Perde a fam\u00edlia PRF um grande amigo e parceiro, perde a Sociedade Paulista e perde o Brasil! Ganhamos, no entanto, mais um exemplo de homem p\u00fablico que desempenhou seu dever com firmeza de prop\u00f3sitos e forte car\u00e1ter!<\/span><\/p>\n<p style=\"text-align: justify;\"><span style=\"font-size: small;\">\u00a0 Neste momento rogamos a Deus, f\u00e9 e resigna\u00e7\u00e3o para que sua fam\u00edlia e amigos possam superar este momento de dor e grande perda.<\/span><\/p>\n<p style=\"text-align: justify;\">\u00a0<\/p>\n<p><span style=\"font-size: small;\"><img fetchpriority=\"high\" decoding=\"async\" style=\"display: block; margin-left: auto; margin-right: auto;\" title=\"Homenagem_Major_Ol\u00edmpio\" src=\"https:\/\/mjtom.com.br\/site1\/wp-content\/uploads\/2021\/10\/nota-de-pesar-major-olimpio_61789916696aa.jpeg\" alt=\"Homenagem_Major_Ol\u00edmpio\" width=\"330\" height=\"330\"><\/span><\/p>\n<\/div>\n","protected":false},"excerpt":{"rendered":"<p>NOTA DE PESAR \u00a0 A Diretoria do Sindicato dos Policiais Rodovi\u00e1rios Federais no Estado de S\u00e3o Paulo (SINPRF-SP) vem a p\u00fablico manifestar seu profundo e absoluto pesar com a morte do Senador Major Ol\u00edmpio. \u00a0 Perde a fam\u00edlia PRF um grande amigo e parceiro, perde a Sociedade Paulista e perde o Brasil! Ganhamos, no entanto, [&hellip;]<\/p>\n","protected":false},"author":3,"featured_media":12005,"comment_status":"closed","ping_status":"closed","sticky":false,"template":"","format":"standard","meta":{"footnotes":""},"categories":[41],"tags":[],"class_list":["post-12004","post","type-post","status-publish","format-standard","has-post-thumbnail","hentry","category-noticias-em-destaque"],"_links":{"self":[{"href":"https:\/\/sinprfsp.org.br\/index.php\/wp-json\/wp\/v2\/posts\/12004","targetHints":{"allow":["GET"]}}],"collection":[{"href":"https:\/\/sinprfsp.org.br\/index.php\/wp-json\/wp\/v2\/posts"}],"about":[{"href":"https:\/\/sinprfsp.org.br\/index.php\/wp-json\/wp\/v2\/types\/post"}],"author":[{"embeddable":true,"href":"https:\/\/sinprfsp.org.br\/index.php\/wp-json\/wp\/v2\/users\/3"}],"replies":[{"embeddable":true,"href":"https:\/\/sinprfsp.org.br\/index.php\/wp-json\/wp\/v2\/comments?post=12004"}],"version-history":[{"count":1,"href":"https:\/\/sinprfsp.org.br\/index.php\/wp-json\/wp\/v2\/posts\/12004\/revisions"}],"predecessor-version":[{"id":12007,"href":"https:\/\/sinprfsp.org.br\/index.php\/wp-json\/wp\/v2\/posts\/12004\/revisions\/12007"}],"wp:featuredmedia":[{"embeddable":true,"href":"https:\/\/sinprfsp.org.br\/index.php\/wp-json\/wp\/v2\/media\/12005"}],"wp:attachment":[{"href":"https:\/\/sinprfsp.org.br\/index.php\/wp-json\/wp\/v2\/media?parent=12004"}],"wp:term":[{"taxonomy":"category","embeddable":true,"href":"https:\/\/sinprfsp.org.br\/index.php\/wp-json\/wp\/v2\/categories?post=12004"},{"taxonomy":"post_tag","embeddable":true,"href":"https:\/\/sinprfsp.org.br\/index.php\/wp-json\/wp\/v2\/tags?post=12004"}],"curies":[{"name":"wp","href":"https:\/\/api.w.org\/{rel}","templated":true}]}}