{"id":12017,"date":"2021-03-08T21:11:20","date_gmt":"2021-03-09T00:11:20","guid":{"rendered":"https:\/\/mjtom.com.br\/site1\/?p=12017"},"modified":"2022-01-07T13:03:32","modified_gmt":"2022-01-07T16:03:32","slug":"comunicado-funcionamento-sinprf-sp-na-fase-vermelha","status":"publish","type":"post","link":"https:\/\/sinprfsp.org.br\/index.php\/2021\/03\/08\/comunicado-funcionamento-sinprf-sp-na-fase-vermelha\/","title":{"rendered":"Comunicado &#8211; Funcionamento SINPRF-SP na Fase Vermelha"},"content":{"rendered":"<div class=\"descricao\">\n<p style=\"text-align: justify;\"><span style=\"font-size: small;\">\u00a0 Em virtude do atual cen\u00e1rio da pandemia de covid-19, os diretores do SINPRF-SP se reuniram na \u00faltima semana e deliberaram que o atendimento na sede do sindicato, a partir desta segunda-feira (08\/03), seria realizado em dias alternados e com a presen\u00e7a m\u00ednima de funcion\u00e1rios e diretores.<\/span><\/p>\n<p style=\"text-align: justify;\"><span style=\"font-size: small;\">\u00a0 Ocorre que, ap\u00f3s essa delibera\u00e7\u00e3o o Governo do Estado de S\u00e3o Paulo publicou Decreto passando todo o Estado para a fase vermelha, desta forma nenhum restaurante ou empresa nas imedia\u00e7\u00f5es da sede do SINPRF-SP est\u00e1 funcionando.<\/span><\/p>\n<p style=\"text-align: justify;\"><span style=\"font-size: small;\">\u00a0 Como o referido Decreto tem o prazo de 15 dias, informamos que a partir desta segunda-feira (08\/03) at\u00e9 o final do Decreto, nosso atendimento ser\u00e1 100% on line, de teletrabalho com atendimento presencial somente por agendamento.<\/span><\/p>\n<p style=\"text-align: justify;\"><span style=\"font-size: small;\">\u00a0 Ao final do Decreto at\u00e9 a vacina\u00e7\u00e3o de todos passaremos para o atendimento presencial, com revezamento dos colaboradores.<\/span><\/p>\n<p style=\"text-align: justify;\"><span style=\"font-size: small;\">\u00a0 Informamos que em todos os per\u00edodos Dona Ilda, Roberta e Astrid receber\u00e3o as liga\u00e7\u00f5es do telefone fixo que ser\u00e3o desviadas para os celulares institucionais.<\/span><\/p>\n<p style=\"text-align: justify;\"><span style=\"font-size: small;\">\u00a0 Nenhum servi\u00e7o deixar\u00e1 de ser prestado no tempo adequado.<\/span><\/p>\n<p style=\"text-align: justify;\"><span style=\"font-size: small;\">\u00a0 Contamos com a compreens\u00e3o de todos.<\/span><\/p>\n<p style=\"text-align: justify;\"><span style=\"font-size: small;\">\u00a0 Juntos somos mais fortes!<\/span><\/p>\n<\/div>\n","protected":false},"excerpt":{"rendered":"<p>\u00a0 Em virtude do atual cen\u00e1rio da pandemia de covid-19, os diretores do SINPRF-SP se reuniram na \u00faltima semana e deliberaram que o atendimento na sede do sindicato, a partir desta segunda-feira (08\/03), seria realizado em dias alternados e com a presen\u00e7a m\u00ednima de funcion\u00e1rios e diretores. \u00a0 Ocorre que, ap\u00f3s essa delibera\u00e7\u00e3o o Governo [&hellip;]<\/p>\n","protected":false},"author":3,"featured_media":12018,"comment_status":"closed","ping_status":"closed","sticky":false,"template":"","format":"standard","meta":{"footnotes":""},"categories":[41],"tags":[],"class_list":["post-12017","post","type-post","status-publish","format-standard","has-post-thumbnail","hentry","category-noticias-em-destaque"],"_links":{"self":[{"href":"https:\/\/sinprfsp.org.br\/index.php\/wp-json\/wp\/v2\/posts\/12017","targetHints":{"allow":["GET"]}}],"collection":[{"href":"https:\/\/sinprfsp.org.br\/index.php\/wp-json\/wp\/v2\/posts"}],"about":[{"href":"https:\/\/sinprfsp.org.br\/index.php\/wp-json\/wp\/v2\/types\/post"}],"author":[{"embeddable":true,"href":"https:\/\/sinprfsp.org.br\/index.php\/wp-json\/wp\/v2\/users\/3"}],"replies":[{"embeddable":true,"href":"https:\/\/sinprfsp.org.br\/index.php\/wp-json\/wp\/v2\/comments?post=12017"}],"version-history":[{"count":1,"href":"https:\/\/sinprfsp.org.br\/index.php\/wp-json\/wp\/v2\/posts\/12017\/revisions"}],"predecessor-version":[{"id":12019,"href":"https:\/\/sinprfsp.org.br\/index.php\/wp-json\/wp\/v2\/posts\/12017\/revisions\/12019"}],"wp:featuredmedia":[{"embeddable":true,"href":"https:\/\/sinprfsp.org.br\/index.php\/wp-json\/wp\/v2\/media\/12018"}],"wp:attachment":[{"href":"https:\/\/sinprfsp.org.br\/index.php\/wp-json\/wp\/v2\/media?parent=12017"}],"wp:term":[{"taxonomy":"category","embeddable":true,"href":"https:\/\/sinprfsp.org.br\/index.php\/wp-json\/wp\/v2\/categories?post=12017"},{"taxonomy":"post_tag","embeddable":true,"href":"https:\/\/sinprfsp.org.br\/index.php\/wp-json\/wp\/v2\/tags?post=12017"}],"curies":[{"name":"wp","href":"https:\/\/api.w.org\/{rel}","templated":true}]}}