{"id":12113,"date":"2021-01-15T21:16:43","date_gmt":"2021-01-16T00:16:43","guid":{"rendered":"https:\/\/mjtom.com.br\/site1\/?p=12113"},"modified":"2022-01-07T13:03:31","modified_gmt":"2022-01-07T16:03:31","slug":"sinprf-sp-participa-de-cerimonia-de-passagem-de-comando-da-5a-delprf-em-registro","status":"publish","type":"post","link":"https:\/\/sinprfsp.org.br\/index.php\/2021\/01\/15\/sinprf-sp-participa-de-cerimonia-de-passagem-de-comando-da-5a-delprf-em-registro\/","title":{"rendered":"SINPRF-SP participa de cerim\u00f4nia de passagem de comando da 5\u00aa DelPRF em Registro"},"content":{"rendered":"<div class=\"descricao\">\n<p class=\"Pargrafobsico\" style=\"text-align: justify;\"><span style=\"font-size: small;\">\u00a0 O SINPRF-SP participou nesta quinta-feira (14) da cerim\u00f4nia de Passagem de Comando da 5\u00aa Delegacia PRF em Registro.<\/span><\/p>\n<p class=\"Pargrafobsico\" style=\"text-align: justify;\"><span style=\"font-size: small;\">\u00a0 Participaram do evento, representando o SINPRF-SP, o presidente, F\u00e1bio Lu\u00eds de Almeida e o delegado representante no Conselho da FenaPRF, Ot\u00e1vio Oliveira.<\/span><\/p>\n<p class=\"Pargrafobsico\" style=\"text-align: justify;\"><span style=\"font-size: small;\">\u00a0 Na oportunidade o SINPRF-SP homenageou Inspetor Cardoso com a entrega de uma placa de reconhecimento e desejou sucesso ao Inspetor Luiz Moreira e equipe, que assumem a miss\u00e3o no Vale do Ribeira.<\/span><\/p>\n<p class=\"Pargrafobsico\" style=\"text-align: justify;\">\u00a0<\/p>\n<p class=\"Pargrafobsico\" style=\"text-align: center;\"><span style=\"font-size: small;\"><img fetchpriority=\"high\" decoding=\"async\" title=\"Reuni\u00e3o_Registro_01\" src=\"https:\/\/mjtom.com.br\/site1\/wp-content\/uploads\/2021\/10\/sinprf-sp-participa-de-cerimonia-de-passagem-de-comando-da-5a-delprf-em-registro_61789a6a29584.jpeg\" alt=\"Reuni\u00e3o_Registro_01\" width=\"433\" height=\"285\"><\/span><\/p>\n<p class=\"Pargrafobsico\" style=\"text-align: center;\"><span style=\"font-size: small;\"><img decoding=\"async\" title=\"Reuni\u00e3o_Registro_02\" src=\"https:\/\/mjtom.com.br\/site1\/wp-content\/uploads\/2021\/10\/sinprf-sp-participa-de-cerimonia-de-passagem-de-comando-da-5a-delprf-em-registro_61789a6abeaa9.jpeg\" alt=\"Reuni\u00e3o_Registro_02\"><\/span><\/p>\n<p class=\"Pargrafobsico\" style=\"text-align: center;\">\u00a0<\/p>\n<\/div>\n","protected":false},"excerpt":{"rendered":"<p>\u00a0 O SINPRF-SP participou nesta quinta-feira (14) da cerim\u00f4nia de Passagem de Comando da 5\u00aa Delegacia PRF em Registro. \u00a0 Participaram do evento, representando o SINPRF-SP, o presidente, F\u00e1bio Lu\u00eds de Almeida e o delegado representante no Conselho da FenaPRF, Ot\u00e1vio Oliveira. \u00a0 Na oportunidade o SINPRF-SP homenageou Inspetor Cardoso com a entrega de uma [&hellip;]<\/p>\n","protected":false},"author":3,"featured_media":12114,"comment_status":"closed","ping_status":"closed","sticky":false,"template":"","format":"standard","meta":{"footnotes":""},"categories":[41],"tags":[],"class_list":["post-12113","post","type-post","status-publish","format-standard","has-post-thumbnail","hentry","category-noticias-em-destaque"],"_links":{"self":[{"href":"https:\/\/sinprfsp.org.br\/index.php\/wp-json\/wp\/v2\/posts\/12113","targetHints":{"allow":["GET"]}}],"collection":[{"href":"https:\/\/sinprfsp.org.br\/index.php\/wp-json\/wp\/v2\/posts"}],"about":[{"href":"https:\/\/sinprfsp.org.br\/index.php\/wp-json\/wp\/v2\/types\/post"}],"author":[{"embeddable":true,"href":"https:\/\/sinprfsp.org.br\/index.php\/wp-json\/wp\/v2\/users\/3"}],"replies":[{"embeddable":true,"href":"https:\/\/sinprfsp.org.br\/index.php\/wp-json\/wp\/v2\/comments?post=12113"}],"version-history":[{"count":1,"href":"https:\/\/sinprfsp.org.br\/index.php\/wp-json\/wp\/v2\/posts\/12113\/revisions"}],"predecessor-version":[{"id":12117,"href":"https:\/\/sinprfsp.org.br\/index.php\/wp-json\/wp\/v2\/posts\/12113\/revisions\/12117"}],"wp:featuredmedia":[{"embeddable":true,"href":"https:\/\/sinprfsp.org.br\/index.php\/wp-json\/wp\/v2\/media\/12114"}],"wp:attachment":[{"href":"https:\/\/sinprfsp.org.br\/index.php\/wp-json\/wp\/v2\/media?parent=12113"}],"wp:term":[{"taxonomy":"category","embeddable":true,"href":"https:\/\/sinprfsp.org.br\/index.php\/wp-json\/wp\/v2\/categories?post=12113"},{"taxonomy":"post_tag","embeddable":true,"href":"https:\/\/sinprfsp.org.br\/index.php\/wp-json\/wp\/v2\/tags?post=12113"}],"curies":[{"name":"wp","href":"https:\/\/api.w.org\/{rel}","templated":true}]}}