{"id":12123,"date":"2021-01-07T21:16:52","date_gmt":"2021-01-08T00:16:52","guid":{"rendered":"https:\/\/mjtom.com.br\/site1\/?p=12123"},"modified":"2022-01-07T13:03:31","modified_gmt":"2022-01-07T16:03:31","slug":"prf-sao-paulo-recebe-policiais-removidos-de-outros-estados","status":"publish","type":"post","link":"https:\/\/sinprfsp.org.br\/index.php\/2021\/01\/07\/prf-sao-paulo-recebe-policiais-removidos-de-outros-estados\/","title":{"rendered":"PRF-S\u00e3o Paulo recebe policiais removidos de outros Estados"},"content":{"rendered":"<div class=\"descricao\">\n<p style=\"text-align: justify;\"><span style=\"font-size: small;\">\u00a0 Nesta segunda-feira (04), 45 Policiais Rodovi\u00e1rios Federais transferidos de outras regionais, apresentaram-se \u00e0 Superintend\u00eancia da PRF em S\u00e3o Paulo, e passam a compor o efetivo imediatamente.<\/span><\/p>\n<p style=\"text-align: justify;\"><span style=\"font-size: small;\">\u00a0 Os PRFs rec\u00e9m-chegados foram recepcionados com uma cerim\u00f4nia que contou com a presen\u00e7a do Superintendente da PRF-S\u00e3o Paulo, Inspetor Prado, do Superintendente-Executivo Substituto, Inspetor Luciano Fernandes e do staff do Gabinete e SUPEX. Na ocasi\u00e3o, o SINPRF-SP foi representado por seu presidente F\u00e1bio Lu\u00eds de Almeida.<\/span><\/p>\n<p style=\"text-align: justify;\"><span style=\"font-size: small;\">\u00a0 De acordo com o presidente do SINPRF-SP, o encontro com os PRFs possibilitou uma conversa franca e interativa. \u201cTivemos a oportunidade de discorrer sobre os servi\u00e7os que oferecemos aos nossos filiados e nossa linha de atua\u00e7\u00e3o, que nos pautamos por uma atua\u00e7\u00e3o suprapartid\u00e1ria, isenta de ideologias, fazendo uma representa\u00e7\u00e3o classista muito pragm\u00e1tica em prol do coletivo. Foi uma conversa muito agrad\u00e1vel, uma troca de ideias com todos os presentes, com muita intera\u00e7\u00e3o e questionamentos sobre como o sindicato se pautava diante de alguns assuntos. Disponibilizamos todos os servi\u00e7os do sindicato e boa parte deles, de forma livre e espont\u00e2nea, manifestou interesse em se filiar, fortalecendo assim as fileiras do nosso sindicato\u201d, explicou F\u00e1bio Lu\u00eds.<\/span><\/p>\n<p style=\"text-align: justify;\">\u00a0<span style=\"font-size: small;\">\u00a0 A recep\u00e7\u00e3o faz parte da semana de ambienta\u00e7\u00e3o regional, na qual \u00e9 apresentado aos PRFs as \u00e1reas da sede, bem como os principais trechos sob responsabilidade da PRF no Estado.<\/span><\/p>\n<p style=\"text-align: justify;\"><span style=\"font-size: small;\">\u00a0 Com informa\u00e7\u00f5es do NUCOM-SP<\/span><\/p>\n<\/div>\n","protected":false},"excerpt":{"rendered":"<p>\u00a0 Nesta segunda-feira (04), 45 Policiais Rodovi\u00e1rios Federais transferidos de outras regionais, apresentaram-se \u00e0 Superintend\u00eancia da PRF em S\u00e3o Paulo, e passam a compor o efetivo imediatamente. \u00a0 Os PRFs rec\u00e9m-chegados foram recepcionados com uma cerim\u00f4nia que contou com a presen\u00e7a do Superintendente da PRF-S\u00e3o Paulo, Inspetor Prado, do Superintendente-Executivo Substituto, Inspetor Luciano Fernandes e [&hellip;]<\/p>\n","protected":false},"author":3,"featured_media":12124,"comment_status":"closed","ping_status":"closed","sticky":false,"template":"","format":"standard","meta":{"footnotes":""},"categories":[41],"tags":[],"class_list":["post-12123","post","type-post","status-publish","format-standard","has-post-thumbnail","hentry","category-noticias-em-destaque"],"_links":{"self":[{"href":"https:\/\/sinprfsp.org.br\/index.php\/wp-json\/wp\/v2\/posts\/12123","targetHints":{"allow":["GET"]}}],"collection":[{"href":"https:\/\/sinprfsp.org.br\/index.php\/wp-json\/wp\/v2\/posts"}],"about":[{"href":"https:\/\/sinprfsp.org.br\/index.php\/wp-json\/wp\/v2\/types\/post"}],"author":[{"embeddable":true,"href":"https:\/\/sinprfsp.org.br\/index.php\/wp-json\/wp\/v2\/users\/3"}],"replies":[{"embeddable":true,"href":"https:\/\/sinprfsp.org.br\/index.php\/wp-json\/wp\/v2\/comments?post=12123"}],"version-history":[{"count":1,"href":"https:\/\/sinprfsp.org.br\/index.php\/wp-json\/wp\/v2\/posts\/12123\/revisions"}],"predecessor-version":[{"id":12125,"href":"https:\/\/sinprfsp.org.br\/index.php\/wp-json\/wp\/v2\/posts\/12123\/revisions\/12125"}],"wp:featuredmedia":[{"embeddable":true,"href":"https:\/\/sinprfsp.org.br\/index.php\/wp-json\/wp\/v2\/media\/12124"}],"wp:attachment":[{"href":"https:\/\/sinprfsp.org.br\/index.php\/wp-json\/wp\/v2\/media?parent=12123"}],"wp:term":[{"taxonomy":"category","embeddable":true,"href":"https:\/\/sinprfsp.org.br\/index.php\/wp-json\/wp\/v2\/categories?post=12123"},{"taxonomy":"post_tag","embeddable":true,"href":"https:\/\/sinprfsp.org.br\/index.php\/wp-json\/wp\/v2\/tags?post=12123"}],"curies":[{"name":"wp","href":"https:\/\/api.w.org\/{rel}","templated":true}]}}