{"id":12132,"date":"2021-01-01T21:17:04","date_gmt":"2021-01-02T00:17:04","guid":{"rendered":"https:\/\/mjtom.com.br\/site1\/?p=12132"},"modified":"2022-01-07T13:03:31","modified_gmt":"2022-01-07T16:03:31","slug":"mudancas-nas-delegacias-da-dutra","status":"publish","type":"post","link":"https:\/\/sinprfsp.org.br\/index.php\/2021\/01\/01\/mudancas-nas-delegacias-da-dutra\/","title":{"rendered":"Mudan\u00e7as nas Delegacias da Dutra"},"content":{"rendered":"<div class=\"descricao\">\n<p style=\"text-align: justify;\"><span style=\"font-family: arial, helvetica, sans-serif; font-size: medium;\">A partir de hoje (1\u00b0 de janeiro) h\u00e1 uma nova divis\u00e3o no trecho das Delegacias da Rodovia Presidente Dutra: A Del06, que englobava dos trechos de Taubat\u00e9 e de Ubatuba, passa a ter Sede na BR 101, compreendendo agora apenas o trecho do litoral; enquanto o trecho do Vale passa para a ser dividido entre a Delegacia 02 (S\u00e3o Jos\u00e9 dos Campos\/SP) e Delegacia 08 (Cachoeira Paulista\/SP).<\/span><\/p>\n<p style=\"text-align: justify;\"><span style=\"font-family: arial, helvetica, sans-serif; font-size: medium;\">O efetivo lotado em Taubat\u00e9 foi removido para S\u00e3o Jos\u00e9 e Cachoeira; e as duas Delegacias, e tamb\u00e9m a nova Del06 (com Sede em Ubatuba), tem novas chefias.\u00a0<\/span><span style=\"font-family: arial, helvetica, sans-serif; font-size: medium;\">Al\u00e9m destas mudan\u00e7as, tamb\u00e9m a Sede da Delegacia 08 passar\u00e1 temporariamente a funcionar no posto de Roseira, at\u00e9 a constru\u00e7\u00e3o de uma nova sede no munic\u00edpio de Aparecida, \u00e0s margens da rodovia e pr\u00f3xima \u00e0 Bas\u00edlica Nacional.<\/span><\/p>\n<p style=\"text-align: justify;\"><span style=\"font-family: arial, helvetica, sans-serif; font-size: medium;\">Segundo os documentos da Superintend\u00eancia as mudan\u00e7as visam \u201cmelhor aproveitar os recursos humanos e a estrutura f\u00edsica das unidades desconcentradas da SPRF-SP\u201d e levam em considera\u00e7\u00e3o \u201cos objetivos estrat\u00e9gicos da Pol\u00edcia Rodovi\u00e1ria Federal em adequar o quadro de pessoal \u00e0s necessidades, potencializar o bem-estar, a motiva\u00e7\u00e3o e o desempenho dos servidores\u201d.<\/span><\/p>\n<p><span style=\"font-family: arial, helvetica, sans-serif; font-size: medium;\"> Como as mudan\u00e7as t\u00eam reflexos nas condi\u00e7\u00f5es de trabalho dos PRFs, o SINPRF-SP protocolou no dia 29\/12 um Of\u00edcio (c\u00f3pia ao final do texto) com requerimentos na defesa de alguns direitos que envolvem mudan\u00e7as de lota\u00e7\u00e3o e ontem (31\/01) participou de uma reuni\u00e3o de quase 3 horas por videoconfer\u00eancia com o Superintendente, sua equipe t\u00e9cnica na Sede e as chefias das Delegacias envolvidas. Em resposta, o Superintendente, Inspetor Prado, assinou, no mesmo dia, o Of\u00edcio-Circular n\u00ba 84\/2020\/SPRF-SP com o objetivo de \u201cminimizar os impactos da mudan\u00e7a da circunscri\u00e7\u00e3o da DEL06-SP na vida pessoal e profissional dos servidores removidos desta Delegacia para as DEL02-SP e DEL08-SP\u201d. No documento o Superintende determina que:<\/span><\/p>\n<p style=\"text-align: justify; padding-left: 120px;\"><span style=\"font-family: arial, helvetica, sans-serif; font-size: medium;\">\u201c\u2026 seja respeitado o mesmo local de rendi\u00e7\u00e3o de trabalho dos servidores removidos pela Portaria 314 para o m\u00eas de janeiro de 2021, de modo que todos sejam minimamente impactados nos deslocamentos para a execu\u00e7\u00e3o dos servi\u00e7os para os quais est\u00e3o escalados, usando preferencialmente, como modelo, a escala de dezembro de 2020 que vinha sendo cumprida na lota\u00e7\u00e3o anterior.\u201d<\/span><\/p>\n<p style=\"text-align: justify;\"><span style=\"font-family: arial, helvetica, sans-serif; font-size: medium;\">O Sindicato reconhece a disposi\u00e7\u00e3o da Administra\u00e7\u00e3o da Superintend\u00eancia em dialogar e tentar buscar uma solu\u00e7\u00e3o, e aguarda a resposta oficial dos requerimentos (reconhecimento da remo\u00e7\u00e3o como sendo \u201cno interesse da Administra\u00e7\u00e3o\u201d e n\u00e3o \u201ca pedido\u201d; concess\u00e3o do prazo legal para apresenta\u00e7\u00e3o \u00e0 nova lota\u00e7\u00e3o; e direito a nova escolha tendo em vista a mudan\u00e7a da Sede da Delegacia de Cachoeira ter ocorrido ap\u00f3s o prazo dado para a op\u00e7\u00e3o).<\/span><\/p>\n<p style=\"text-align: justify;\">\u00a0<\/p>\n<\/div>\n","protected":false},"excerpt":{"rendered":"<p>A partir de hoje (1\u00b0 de janeiro) h\u00e1 uma nova divis\u00e3o no trecho das Delegacias da Rodovia Presidente Dutra: A Del06, que englobava dos trechos de Taubat\u00e9 e de Ubatuba, passa a ter Sede na BR 101, compreendendo agora apenas o trecho do litoral; enquanto o trecho do Vale passa para a ser dividido entre [&hellip;]<\/p>\n","protected":false},"author":3,"featured_media":12133,"comment_status":"closed","ping_status":"closed","sticky":false,"template":"","format":"standard","meta":{"footnotes":""},"categories":[41],"tags":[],"class_list":["post-12132","post","type-post","status-publish","format-standard","has-post-thumbnail","hentry","category-noticias-em-destaque"],"_links":{"self":[{"href":"https:\/\/sinprfsp.org.br\/index.php\/wp-json\/wp\/v2\/posts\/12132","targetHints":{"allow":["GET"]}}],"collection":[{"href":"https:\/\/sinprfsp.org.br\/index.php\/wp-json\/wp\/v2\/posts"}],"about":[{"href":"https:\/\/sinprfsp.org.br\/index.php\/wp-json\/wp\/v2\/types\/post"}],"author":[{"embeddable":true,"href":"https:\/\/sinprfsp.org.br\/index.php\/wp-json\/wp\/v2\/users\/3"}],"replies":[{"embeddable":true,"href":"https:\/\/sinprfsp.org.br\/index.php\/wp-json\/wp\/v2\/comments?post=12132"}],"version-history":[{"count":1,"href":"https:\/\/sinprfsp.org.br\/index.php\/wp-json\/wp\/v2\/posts\/12132\/revisions"}],"predecessor-version":[{"id":12134,"href":"https:\/\/sinprfsp.org.br\/index.php\/wp-json\/wp\/v2\/posts\/12132\/revisions\/12134"}],"wp:featuredmedia":[{"embeddable":true,"href":"https:\/\/sinprfsp.org.br\/index.php\/wp-json\/wp\/v2\/media\/12133"}],"wp:attachment":[{"href":"https:\/\/sinprfsp.org.br\/index.php\/wp-json\/wp\/v2\/media?parent=12132"}],"wp:term":[{"taxonomy":"category","embeddable":true,"href":"https:\/\/sinprfsp.org.br\/index.php\/wp-json\/wp\/v2\/categories?post=12132"},{"taxonomy":"post_tag","embeddable":true,"href":"https:\/\/sinprfsp.org.br\/index.php\/wp-json\/wp\/v2\/tags?post=12132"}],"curies":[{"name":"wp","href":"https:\/\/api.w.org\/{rel}","templated":true}]}}