{"id":12169,"date":"2020-12-01T21:18:51","date_gmt":"2020-12-02T00:18:51","guid":{"rendered":"https:\/\/mjtom.com.br\/site1\/?p=12169"},"modified":"2022-01-07T13:03:31","modified_gmt":"2022-01-07T16:03:31","slug":"prf-sp-realiza-cerimonia-de-troca-de-chefia-na-1a-delprf","status":"publish","type":"post","link":"https:\/\/sinprfsp.org.br\/index.php\/2020\/12\/01\/prf-sp-realiza-cerimonia-de-troca-de-chefia-na-1a-delprf\/","title":{"rendered":"PRF-SP realiza cerim\u00f4nia de troca de chefia na 1\u00aa DelPRF"},"content":{"rendered":"<div class=\"descricao\">\n<p style=\"text-align: justify;\"><span style=\"font-size: small;\">\u00a0 O presidente do SINPRF-SP, F\u00e1bio Lu\u00eds de Almeida e o vice-presidente, Den\u00edlson de Moura acompanharam a cerim\u00f4nia de troca de Chefia da Delegacia PRF de Guarulhos, realizada na manh\u00e3 da \u00faltima sexta-feira (27).<\/span><\/p>\n<p style=\"text-align: justify;\"><span style=\"font-size: small;\">\u00a0 A cerim\u00f4nia realizada na sede da delegacia contou com a participa\u00e7\u00e3o do Superintendente da PRF\/SP, PRF Marcos Prado, do Superintendente Executivo da PRF\/SP, PRF Rodrigo Fagnani, do prefeito de Guarulhos, Gustavo Henric Costa (Guti), do secret\u00e1rio municipal de Seguran\u00e7a P\u00fablica de Guarulhos, PRF Marcio Pontes, do Delegado Seccional da Pol\u00edcia Civil de Guarulhos, Dr. Gen\u00e9sio Leo J\u00fanior, do Comandante do 5\u00ba Grupamento de Bombeiros, Tenente Coronel Carlos Roberto Rodrigues, do Comandante do Policiamento de \u00c1rea Metropolitano 7, Coronel PM Marco Ant\u00f4nio de Oliveira e demais autoridades.<\/span><\/p>\n<p style=\"text-align: justify;\"><span style=\"font-size: small;\">\u00a0 Na ocasi\u00e3o, o PRF Thiago Santana assumiu a chefia da delegacia e o PRF Nelson Lascane assumiu a chefia do N\u00facleo de Policiamento e Fiscaliza\u00e7\u00e3o.<\/span><\/p>\n<p style=\"text-align: justify;\">\u00a0<\/p>\n<p style=\"text-align: center;\"><span style=\"font-size: small;\"><img decoding=\"async\" title=\"Nova _chefia_1_DelPRF\" src=\"https:\/\/mjtom.com.br\/site1\/wp-content\/uploads\/2021\/10\/prf-sp-realiza-cerimonia-de-troca-de-chefia-na-1a-delprf_61789aeadd9ce.jpeg\" alt=\"Nova _chefia_1_DelPRF\"><\/span><\/p>\n<\/div>\n","protected":false},"excerpt":{"rendered":"<p>\u00a0 O presidente do SINPRF-SP, F\u00e1bio Lu\u00eds de Almeida e o vice-presidente, Den\u00edlson de Moura acompanharam a cerim\u00f4nia de troca de Chefia da Delegacia PRF de Guarulhos, realizada na manh\u00e3 da \u00faltima sexta-feira (27). \u00a0 A cerim\u00f4nia realizada na sede da delegacia contou com a participa\u00e7\u00e3o do Superintendente da PRF\/SP, PRF Marcos Prado, do Superintendente [&hellip;]<\/p>\n","protected":false},"author":3,"featured_media":12170,"comment_status":"closed","ping_status":"closed","sticky":false,"template":"","format":"standard","meta":{"footnotes":""},"categories":[1],"tags":[],"class_list":["post-12169","post","type-post","status-publish","format-standard","has-post-thumbnail","hentry","category-noticias-gerais"],"_links":{"self":[{"href":"https:\/\/sinprfsp.org.br\/index.php\/wp-json\/wp\/v2\/posts\/12169","targetHints":{"allow":["GET"]}}],"collection":[{"href":"https:\/\/sinprfsp.org.br\/index.php\/wp-json\/wp\/v2\/posts"}],"about":[{"href":"https:\/\/sinprfsp.org.br\/index.php\/wp-json\/wp\/v2\/types\/post"}],"author":[{"embeddable":true,"href":"https:\/\/sinprfsp.org.br\/index.php\/wp-json\/wp\/v2\/users\/3"}],"replies":[{"embeddable":true,"href":"https:\/\/sinprfsp.org.br\/index.php\/wp-json\/wp\/v2\/comments?post=12169"}],"version-history":[{"count":1,"href":"https:\/\/sinprfsp.org.br\/index.php\/wp-json\/wp\/v2\/posts\/12169\/revisions"}],"predecessor-version":[{"id":12172,"href":"https:\/\/sinprfsp.org.br\/index.php\/wp-json\/wp\/v2\/posts\/12169\/revisions\/12172"}],"wp:featuredmedia":[{"embeddable":true,"href":"https:\/\/sinprfsp.org.br\/index.php\/wp-json\/wp\/v2\/media\/12170"}],"wp:attachment":[{"href":"https:\/\/sinprfsp.org.br\/index.php\/wp-json\/wp\/v2\/media?parent=12169"}],"wp:term":[{"taxonomy":"category","embeddable":true,"href":"https:\/\/sinprfsp.org.br\/index.php\/wp-json\/wp\/v2\/categories?post=12169"},{"taxonomy":"post_tag","embeddable":true,"href":"https:\/\/sinprfsp.org.br\/index.php\/wp-json\/wp\/v2\/tags?post=12169"}],"curies":[{"name":"wp","href":"https:\/\/api.w.org\/{rel}","templated":true}]}}