{"id":12185,"date":"2020-11-25T21:20:18","date_gmt":"2020-11-26T00:20:18","guid":{"rendered":"https:\/\/mjtom.com.br\/site1\/?p=12185"},"modified":"2022-01-07T13:03:30","modified_gmt":"2022-01-07T16:03:30","slug":"fenaprf-busca-ministerio-da-saude-para-discutir-saude-mental-dos-prfs","status":"publish","type":"post","link":"https:\/\/sinprfsp.org.br\/index.php\/2020\/11\/25\/fenaprf-busca-ministerio-da-saude-para-discutir-saude-mental-dos-prfs\/","title":{"rendered":"FenaPRF busca Minist\u00e9rio da Sa\u00fade para discutir sa\u00fade mental dos PRFs"},"content":{"rendered":"<div class=\"descricao\">\n<p style=\"text-align: justify;\"><span style=\"font-size: small;\">\u00a0 Com o objetivo de discutir poss\u00edveis a\u00e7\u00f5es e programas que promovam melhores condi\u00e7\u00f5es de sa\u00fade psicol\u00f3gica aos Policiais Rodovi\u00e1rios Federais, a FenaPRF se reuniu, nesta ter\u00e7a-feira (24), com a Coordenadora de Sa\u00fade Mental do Minist\u00e9rio da Sa\u00fade, a psiquiatra Maria Dilma Teodoro.<\/span><\/p>\n<p style=\"text-align: justify;\"><span style=\"font-size: small;\">\u00a0 No encontro, o presidente da FenaPRF, Dovercino Neto, repassou os n\u00fameros alarmantes de suic\u00eddios de Policiais Rodovi\u00e1rios Federais ocorridos nos \u00faltimos anos. Os dados foram extra\u00eddos de uma pesquisa de vitimiza\u00e7\u00e3o de PRFs, publicado e atualizado, pelo Policial Rodovi\u00e1rio Federal W. Marques.<\/span><\/p>\n<p style=\"text-align: justify;\"><span style=\"font-size: small;\">\u00a0 O presidente da FenaPRF afirmou que a entidade representativa entende ser necess\u00e1rio o estabelecimento de um protocolo para a preven\u00e7\u00e3o de problemas psicol\u00f3gicos, com o objetivo de identificar poss\u00edveis gatilhos ou situa\u00e7\u00f5es que possam desencadear doen\u00e7as psicol\u00f3gicas e at\u00e9 mesmo o suic\u00eddio. \u201cEstamos muito preocupados com a falta de um protocolo que busque identificar eventuais problemas psicol\u00f3gicos em nossos policiais, atrav\u00e9s de um acompanhamento preventivo peri\u00f3dico e tamb\u00e9m quando o PRF passar por determinadas situa\u00e7\u00f5es de elevado estresse, risco ou perda. A identifica\u00e7\u00e3o precoce \u00e9 fundamental para que haja o adequado encaminhamento do servidor para uma equipe profissional que possa auxili\u00e1-lo a superar as dificuldades e situa\u00e7\u00f5es inerentes a profiss\u00e3o\u201d, explicou.<\/span><\/p>\n<p style=\"text-align: justify;\"><span style=\"font-size: small;\">\u00a0 \u201cLevaremos essa demanda para o nosso comit\u00ea de preven\u00e7\u00e3o ao suic\u00eddio e estudaremos uma forma de atuar com voc\u00eas. \u00c9 uma porta que abrimos para trabalharmos n\u00e3o s\u00f3 a preven\u00e7\u00e3o ao suic\u00eddio, mas outras quest\u00f5es de sa\u00fade mental\u201d, afirmou Maria Dilma.<\/span><\/p>\n<p style=\"text-align: justify;\"><span style=\"font-size: small;\">\u00a0 A expectativa \u00e9 que com a movimenta\u00e7\u00e3o do Minist\u00e9rio da Sa\u00fade, a categoria possa ter um horizonte de in\u00edcio de trabalho institucionalizado em prol da sa\u00fade mental dos PRFs, seja na preven\u00e7\u00e3o, diagn\u00f3stico e tratamento.<\/span><\/p>\n<p style=\"text-align: justify;\"><span style=\"font-size: small;\">\u00a0 Fonte: FenaPRF<\/span><\/p>\n<p style=\"text-align: justify;\">\u00a0<\/p>\n<p style=\"text-align: justify;\"><span style=\"font-size: small;\">\u00a0<\/span><\/p>\n<\/div>\n","protected":false},"excerpt":{"rendered":"<p>\u00a0 Com o objetivo de discutir poss\u00edveis a\u00e7\u00f5es e programas que promovam melhores condi\u00e7\u00f5es de sa\u00fade psicol\u00f3gica aos Policiais Rodovi\u00e1rios Federais, a FenaPRF se reuniu, nesta ter\u00e7a-feira (24), com a Coordenadora de Sa\u00fade Mental do Minist\u00e9rio da Sa\u00fade, a psiquiatra Maria Dilma Teodoro. \u00a0 No encontro, o presidente da FenaPRF, Dovercino Neto, repassou os n\u00fameros [&hellip;]<\/p>\n","protected":false},"author":3,"featured_media":12186,"comment_status":"closed","ping_status":"closed","sticky":false,"template":"","format":"standard","meta":{"footnotes":""},"categories":[1],"tags":[],"class_list":["post-12185","post","type-post","status-publish","format-standard","has-post-thumbnail","hentry","category-noticias-gerais"],"_links":{"self":[{"href":"https:\/\/sinprfsp.org.br\/index.php\/wp-json\/wp\/v2\/posts\/12185","targetHints":{"allow":["GET"]}}],"collection":[{"href":"https:\/\/sinprfsp.org.br\/index.php\/wp-json\/wp\/v2\/posts"}],"about":[{"href":"https:\/\/sinprfsp.org.br\/index.php\/wp-json\/wp\/v2\/types\/post"}],"author":[{"embeddable":true,"href":"https:\/\/sinprfsp.org.br\/index.php\/wp-json\/wp\/v2\/users\/3"}],"replies":[{"embeddable":true,"href":"https:\/\/sinprfsp.org.br\/index.php\/wp-json\/wp\/v2\/comments?post=12185"}],"version-history":[{"count":1,"href":"https:\/\/sinprfsp.org.br\/index.php\/wp-json\/wp\/v2\/posts\/12185\/revisions"}],"predecessor-version":[{"id":12187,"href":"https:\/\/sinprfsp.org.br\/index.php\/wp-json\/wp\/v2\/posts\/12185\/revisions\/12187"}],"wp:featuredmedia":[{"embeddable":true,"href":"https:\/\/sinprfsp.org.br\/index.php\/wp-json\/wp\/v2\/media\/12186"}],"wp:attachment":[{"href":"https:\/\/sinprfsp.org.br\/index.php\/wp-json\/wp\/v2\/media?parent=12185"}],"wp:term":[{"taxonomy":"category","embeddable":true,"href":"https:\/\/sinprfsp.org.br\/index.php\/wp-json\/wp\/v2\/categories?post=12185"},{"taxonomy":"post_tag","embeddable":true,"href":"https:\/\/sinprfsp.org.br\/index.php\/wp-json\/wp\/v2\/tags?post=12185"}],"curies":[{"name":"wp","href":"https:\/\/api.w.org\/{rel}","templated":true}]}}