{"id":12206,"date":"2020-11-16T21:20:46","date_gmt":"2020-11-17T00:20:46","guid":{"rendered":"https:\/\/mjtom.com.br\/site1\/?p=12206"},"modified":"2022-01-07T13:03:30","modified_gmt":"2022-01-07T16:03:30","slug":"prf-mario-rosa-e-eleito-prefeito-de-salto-grande","status":"publish","type":"post","link":"https:\/\/sinprfsp.org.br\/index.php\/2020\/11\/16\/prf-mario-rosa-e-eleito-prefeito-de-salto-grande\/","title":{"rendered":"PRF M\u00e1rio Rosa \u00e9 eleito prefeito de Salto Grande"},"content":{"rendered":"<div class=\"descricao\">\n<p class=\"content-textcontainer\" style=\"text-align: justify;\"><span style=\"font-size: small;\">\u00a0 O PRF Mario Rosa foi eleito, neste domingo (15), prefeito de Salto Grande (SP), com 50,92% dos votos v\u00e1lidos. Em segundo lugar ficou o candidato Carlinhos, com 45,31% dos votos.<\/span><\/p>\n<p class=\"content-textcontainer\" style=\"text-align: justify;\"><span style=\"font-size: small;\">\u00a0 M\u00e1rio Rosa (PL) e seu vice Miguel Almeida (PTB) fazem parte da coliga\u00e7\u00e3o &#8220;Salto Grande em Transforma\u00e7\u00e3o: 20 Anos em 4&#8221;, formada pelos partidos PTB, DEM e PL.<\/span><\/p>\n<p class=\"content-textcontainer\" style=\"text-align: justify;\"><span style=\"font-size: small;\">\u00a0 A diretoria do SINPRF-SP parabeniza o PRF Mario Rosa pela vit\u00f3ria e lhe deseja uma excelente administra\u00e7\u00e3o.<\/span><\/p>\n<p class=\"content-textcontainer\" style=\"text-align: justify;\">\u00a0<\/p>\n<p class=\"content-textcontainer\"><span style=\"font-size: small;\"><img fetchpriority=\"high\" decoding=\"async\" style=\"display: block; margin-left: auto; margin-right: auto;\" title=\"PRF_Mario_Rosa\" src=\"https:\/\/mjtom.com.br\/site1\/wp-content\/uploads\/2021\/10\/prf-mario-rosa-e-eleito-prefeito-de-salto-grande_61789b5d6c13b.jpeg\" alt=\"PRF_Mario_Rosa\" width=\"353\" height=\"484\"><\/span><\/p>\n<\/div>\n","protected":false},"excerpt":{"rendered":"<p>\u00a0 O PRF Mario Rosa foi eleito, neste domingo (15), prefeito de Salto Grande (SP), com 50,92% dos votos v\u00e1lidos. Em segundo lugar ficou o candidato Carlinhos, com 45,31% dos votos. \u00a0 M\u00e1rio Rosa (PL) e seu vice Miguel Almeida (PTB) fazem parte da coliga\u00e7\u00e3o &#8220;Salto Grande em Transforma\u00e7\u00e3o: 20 Anos em 4&#8221;, formada pelos [&hellip;]<\/p>\n","protected":false},"author":3,"featured_media":12207,"comment_status":"closed","ping_status":"closed","sticky":false,"template":"","format":"standard","meta":{"footnotes":""},"categories":[1],"tags":[],"class_list":["post-12206","post","type-post","status-publish","format-standard","has-post-thumbnail","hentry","category-noticias-gerais"],"_links":{"self":[{"href":"https:\/\/sinprfsp.org.br\/index.php\/wp-json\/wp\/v2\/posts\/12206","targetHints":{"allow":["GET"]}}],"collection":[{"href":"https:\/\/sinprfsp.org.br\/index.php\/wp-json\/wp\/v2\/posts"}],"about":[{"href":"https:\/\/sinprfsp.org.br\/index.php\/wp-json\/wp\/v2\/types\/post"}],"author":[{"embeddable":true,"href":"https:\/\/sinprfsp.org.br\/index.php\/wp-json\/wp\/v2\/users\/3"}],"replies":[{"embeddable":true,"href":"https:\/\/sinprfsp.org.br\/index.php\/wp-json\/wp\/v2\/comments?post=12206"}],"version-history":[{"count":1,"href":"https:\/\/sinprfsp.org.br\/index.php\/wp-json\/wp\/v2\/posts\/12206\/revisions"}],"predecessor-version":[{"id":12209,"href":"https:\/\/sinprfsp.org.br\/index.php\/wp-json\/wp\/v2\/posts\/12206\/revisions\/12209"}],"wp:featuredmedia":[{"embeddable":true,"href":"https:\/\/sinprfsp.org.br\/index.php\/wp-json\/wp\/v2\/media\/12207"}],"wp:attachment":[{"href":"https:\/\/sinprfsp.org.br\/index.php\/wp-json\/wp\/v2\/media?parent=12206"}],"wp:term":[{"taxonomy":"category","embeddable":true,"href":"https:\/\/sinprfsp.org.br\/index.php\/wp-json\/wp\/v2\/categories?post=12206"},{"taxonomy":"post_tag","embeddable":true,"href":"https:\/\/sinprfsp.org.br\/index.php\/wp-json\/wp\/v2\/tags?post=12206"}],"curies":[{"name":"wp","href":"https:\/\/api.w.org\/{rel}","templated":true}]}}