{"id":12256,"date":"2020-10-12T21:23:59","date_gmt":"2020-10-13T00:23:59","guid":{"rendered":"https:\/\/mjtom.com.br\/site1\/?p=12256"},"modified":"2022-01-07T13:03:30","modified_gmt":"2022-01-07T16:03:30","slug":"sinprf-sp-realizou-testagem-para-covid-19-aos-prfs-aposentados-e-pensionistas","status":"publish","type":"post","link":"https:\/\/sinprfsp.org.br\/index.php\/2020\/10\/12\/sinprf-sp-realizou-testagem-para-covid-19-aos-prfs-aposentados-e-pensionistas\/","title":{"rendered":"SINPRF-SP realizou testagem para covid-19 aos PRFs  aposentados e pensionistas"},"content":{"rendered":"<div class=\"descricao\">\n<p style=\"text-align: justify;\"><span style=\"font-size: small;\">\u00a0 O SINPRF-SP em parceria com a PRF\/SP, realizou nos dias 30 de setembro e 1\u00ba de outubro, na sede da Superintend\u00eancia da PRF, testagem para Covid-19 (testes de IgG e IgM) aos PRFs aposentados e pensionistas.<\/span><\/p>\n<p style=\"text-align: justify;\"><span style=\"font-size: small;\">\u00a0 Os testes disponibilizados pela Superintend\u00eancia da PRF em S\u00e3o Paulo, por meio do N\u00facleo de Aten\u00e7\u00e3o \u00e0 Sa\u00fade, s\u00e3o baseados na sorologia, um conceito utilizado especialmente no campo da medicina que se refere a um exame de laborat\u00f3rio efetuado para comprovar a presen\u00e7a de anticorpos no sangue, ou seja, determinar concretamente sua presen\u00e7a.<\/span><\/p>\n<p style=\"text-align: justify;\"><span style=\"font-size: small;\">\u00a0 Segundo o delegado representante, Ot\u00e1vio de Oliveira, nos dois dias foram realizados 44 testes r\u00e1pidos, dos quais 5 apresentaram-se como reagentes para IgM, podendo assim estar com o v\u00edrus ativo. \u201cTodos os colegas que tiveram o teste reagente para IgM foram encaminhados, j\u00e1 no outro dia, ao Instituto Butant\u00e3, para a realiza\u00e7\u00e3o do exame de PCR, que posteriormente apresentaram resultados negativos\u201d, explicou.<\/span><\/p>\n<p style=\"text-align: justify;\"><span style=\"font-size: small;\">\u00a0 Al\u00e9m desta a\u00e7\u00e3o, tamb\u00e9m foram realizados testes aos aposentados e pensionistas em todas as Delegacias PRF.<\/span><\/p>\n<\/div>\n","protected":false},"excerpt":{"rendered":"<p>\u00a0 O SINPRF-SP em parceria com a PRF\/SP, realizou nos dias 30 de setembro e 1\u00ba de outubro, na sede da Superintend\u00eancia da PRF, testagem para Covid-19 (testes de IgG e IgM) aos PRFs aposentados e pensionistas. \u00a0 Os testes disponibilizados pela Superintend\u00eancia da PRF em S\u00e3o Paulo, por meio do N\u00facleo de Aten\u00e7\u00e3o \u00e0 [&hellip;]<\/p>\n","protected":false},"author":3,"featured_media":12257,"comment_status":"closed","ping_status":"closed","sticky":false,"template":"","format":"standard","meta":{"footnotes":""},"categories":[1],"tags":[],"class_list":["post-12256","post","type-post","status-publish","format-standard","has-post-thumbnail","hentry","category-noticias-gerais"],"_links":{"self":[{"href":"https:\/\/sinprfsp.org.br\/index.php\/wp-json\/wp\/v2\/posts\/12256","targetHints":{"allow":["GET"]}}],"collection":[{"href":"https:\/\/sinprfsp.org.br\/index.php\/wp-json\/wp\/v2\/posts"}],"about":[{"href":"https:\/\/sinprfsp.org.br\/index.php\/wp-json\/wp\/v2\/types\/post"}],"author":[{"embeddable":true,"href":"https:\/\/sinprfsp.org.br\/index.php\/wp-json\/wp\/v2\/users\/3"}],"replies":[{"embeddable":true,"href":"https:\/\/sinprfsp.org.br\/index.php\/wp-json\/wp\/v2\/comments?post=12256"}],"version-history":[{"count":1,"href":"https:\/\/sinprfsp.org.br\/index.php\/wp-json\/wp\/v2\/posts\/12256\/revisions"}],"predecessor-version":[{"id":12258,"href":"https:\/\/sinprfsp.org.br\/index.php\/wp-json\/wp\/v2\/posts\/12256\/revisions\/12258"}],"wp:featuredmedia":[{"embeddable":true,"href":"https:\/\/sinprfsp.org.br\/index.php\/wp-json\/wp\/v2\/media\/12257"}],"wp:attachment":[{"href":"https:\/\/sinprfsp.org.br\/index.php\/wp-json\/wp\/v2\/media?parent=12256"}],"wp:term":[{"taxonomy":"category","embeddable":true,"href":"https:\/\/sinprfsp.org.br\/index.php\/wp-json\/wp\/v2\/categories?post=12256"},{"taxonomy":"post_tag","embeddable":true,"href":"https:\/\/sinprfsp.org.br\/index.php\/wp-json\/wp\/v2\/tags?post=12256"}],"curies":[{"name":"wp","href":"https:\/\/api.w.org\/{rel}","templated":true}]}}