{"id":12289,"date":"2020-09-16T21:25:48","date_gmt":"2020-09-17T00:25:48","guid":{"rendered":"https:\/\/mjtom.com.br\/site1\/?p=12289"},"modified":"2022-01-07T13:03:30","modified_gmt":"2022-01-07T16:03:30","slug":"prorrogada-data-de-encerramento-da-execucao-do-taf-2020","status":"publish","type":"post","link":"https:\/\/sinprfsp.org.br\/index.php\/2020\/09\/16\/prorrogada-data-de-encerramento-da-execucao-do-taf-2020\/","title":{"rendered":"Prorrogada data de encerramento da execu\u00e7\u00e3o do TAF 2020"},"content":{"rendered":"<div class=\"descricao\">\n<p style=\"text-align: justify;\"><span style=\"font-size: small;\">\u00a0 Foi publicado nesta segunda-feira (14), pela Diretoria de Gest\u00e3o de Pessoas (DGP) da Pol\u00edcia Rodovi\u00e1ria Federal, edital de retifica\u00e7\u00e3o que estende o prazo de execu\u00e7\u00e3o do Teste de Aptid\u00e3o F\u00edsica (TAF) at\u00e9 o dia 26 de fevereiro de 2021.<\/span><\/p>\n<p style=\"text-align: justify;\"><span style=\"font-size: small;\">\u00a0 O documento assinado pelo Diretor de Gest\u00e3o de Pessoas substituto, Ricardo Teixeira, vem como resposta aos questionamentos do Sistema Sindical PRF e um dia ap\u00f3s a FenaPRF ter ingressado com processo judicial, distribu\u00eddo na 3\u00aa Vara Federal C\u00edvel da Se\u00e7\u00e3o Judici\u00e1ria do Distrito Federal, sob n\u00ba 1051601-47.2020.4.01.3400, o qual solicita que a n\u00e3o realiza\u00e7\u00e3o do TAF n\u00e3o incida em preju\u00edzos no programa EFI, \u00a0IFR na ADI.<\/span><\/p>\n<p style=\"text-align: justify;\"><span style=\"font-size: small;\">\u00a0 Vale salientar que, desde a publica\u00e7\u00e3o do Edital n\u00ba 14\/2020\/DGP, em 04 de agosto, o Sistema Sindical vem buscando o di\u00e1logo com o Departamento, na tentativa de mostrar \u00e0 Administra\u00e7\u00e3o que este momento em meio \u00e0 uma pandemia, n\u00e3o \u00e9 o melhor momento para a realiza\u00e7\u00e3o do TAF.<\/span><\/p>\n<p style=\"text-align: justify;\"><span style=\"font-size: small;\">\u00a0 Em reuni\u00e3o realizada entre os representantes sindicais foi deliberado que o sistema buscaria o entendimento com os gestores da PRF, mas caso n\u00e3o fosse poss\u00edvel o DPRF agir, a a\u00e7\u00e3o seria judicializada, o que aconteceu somente ap\u00f3s as reuni\u00f5es realizadas com os gestores do DPRF.<\/span><\/p>\n<p style=\"text-align: justify;\"><span style=\"font-size: small;\">\u00a0 Para o delegado representante Ot\u00e1vio de Oliveira, este adiamento pode ser posto na conta da press\u00e3o exercida pelo Sistema Sindical. \u201cDesde o primeiro momento alertamos para o risco desnecess\u00e1rio de expor os PRFs e as equipes de aplica\u00e7\u00e3o do teste. Esta \u00e9 uma vit\u00f3ria do bom senso. Parab\u00e9ns \u00e0 Administra\u00e7\u00e3o pela decis\u00e3o de adiar a data final para a realiza\u00e7\u00e3o&#8221;, concluiu.<\/span><\/p>\n<\/div>\n","protected":false},"excerpt":{"rendered":"<p>\u00a0 Foi publicado nesta segunda-feira (14), pela Diretoria de Gest\u00e3o de Pessoas (DGP) da Pol\u00edcia Rodovi\u00e1ria Federal, edital de retifica\u00e7\u00e3o que estende o prazo de execu\u00e7\u00e3o do Teste de Aptid\u00e3o F\u00edsica (TAF) at\u00e9 o dia 26 de fevereiro de 2021. \u00a0 O documento assinado pelo Diretor de Gest\u00e3o de Pessoas substituto, Ricardo Teixeira, vem como [&hellip;]<\/p>\n","protected":false},"author":3,"featured_media":12290,"comment_status":"closed","ping_status":"closed","sticky":false,"template":"","format":"standard","meta":{"footnotes":""},"categories":[1],"tags":[],"class_list":["post-12289","post","type-post","status-publish","format-standard","has-post-thumbnail","hentry","category-noticias-gerais"],"_links":{"self":[{"href":"https:\/\/sinprfsp.org.br\/index.php\/wp-json\/wp\/v2\/posts\/12289","targetHints":{"allow":["GET"]}}],"collection":[{"href":"https:\/\/sinprfsp.org.br\/index.php\/wp-json\/wp\/v2\/posts"}],"about":[{"href":"https:\/\/sinprfsp.org.br\/index.php\/wp-json\/wp\/v2\/types\/post"}],"author":[{"embeddable":true,"href":"https:\/\/sinprfsp.org.br\/index.php\/wp-json\/wp\/v2\/users\/3"}],"replies":[{"embeddable":true,"href":"https:\/\/sinprfsp.org.br\/index.php\/wp-json\/wp\/v2\/comments?post=12289"}],"version-history":[{"count":1,"href":"https:\/\/sinprfsp.org.br\/index.php\/wp-json\/wp\/v2\/posts\/12289\/revisions"}],"predecessor-version":[{"id":12291,"href":"https:\/\/sinprfsp.org.br\/index.php\/wp-json\/wp\/v2\/posts\/12289\/revisions\/12291"}],"wp:featuredmedia":[{"embeddable":true,"href":"https:\/\/sinprfsp.org.br\/index.php\/wp-json\/wp\/v2\/media\/12290"}],"wp:attachment":[{"href":"https:\/\/sinprfsp.org.br\/index.php\/wp-json\/wp\/v2\/media?parent=12289"}],"wp:term":[{"taxonomy":"category","embeddable":true,"href":"https:\/\/sinprfsp.org.br\/index.php\/wp-json\/wp\/v2\/categories?post=12289"},{"taxonomy":"post_tag","embeddable":true,"href":"https:\/\/sinprfsp.org.br\/index.php\/wp-json\/wp\/v2\/tags?post=12289"}],"curies":[{"name":"wp","href":"https:\/\/api.w.org\/{rel}","templated":true}]}}