{"id":12297,"date":"2020-09-14T21:25:57","date_gmt":"2020-09-15T00:25:57","guid":{"rendered":"https:\/\/mjtom.com.br\/site1\/?p=12297"},"modified":"2022-01-07T13:03:30","modified_gmt":"2022-01-07T16:03:30","slug":"polemica-sobre-o-taf","status":"publish","type":"post","link":"https:\/\/sinprfsp.org.br\/index.php\/2020\/09\/14\/polemica-sobre-o-taf\/","title":{"rendered":"Pol\u00eamica sobre o TAF"},"content":{"rendered":"<div class=\"descricao\">\n<p style=\"text-align: justify;\"><span style=\"font-size: small;\">\u00a0 Desde a edi\u00e7\u00e3o do Edital do TAF\/2020 em 04 de agosto, todo o Sistema Sindical PRF tem tentado convencer a Administra\u00e7\u00e3o que em meio \u00e0 uma emerg\u00eancia de sa\u00fade de import\u00e2ncia internacional, com Estados e Munic\u00edpios com \u00e1reas em diferentes est\u00e1gios de reabertura, al\u00e9m das \u00e1reas de Sa\u00fade e Gest\u00e3o de Pessoas das Superintend\u00eancias estarem sobrecarregadas com as testagens e acompanhamento dos casos confirmados de COVID-19 no \u00d3rg\u00e3o, n\u00e3o era o melhor momento para a realiza\u00e7\u00e3o do TAF.<\/span><\/p>\n<p style=\"text-align: justify;\"><span style=\"font-size: small;\">\u00a0 Mas, infelizmente, ap\u00f3s rodada de discuss\u00e3o entre a FenaPRF e a Administra\u00e7\u00e3o central da PR em Bras\u00edlia, n\u00e3o tivemos um acordo em rela\u00e7\u00e3o ao adiamento do TAF 2020, nem em rela\u00e7\u00e3o a sua n\u00e3o obrigatoriedade para o exerc\u00edcio do EFI, IFR e Progress\u00e3o, enquanto perdura-se o Decreto de Pandemia. Diante disso, a FenaPRF optou pela propositura de a\u00e7\u00e3o judicial que ser\u00e1 interposta com pedido liminar, requerendo o afastamento dos efeitos e implica\u00e7\u00f5es nas ADI, EFI e IFR \u00e0queles que decidirem por raz\u00f5es sanit\u00e1rias n\u00e3o se submeterem ao exame no momento, aguardando momento mais adequado.<\/span><\/p>\n<p style=\"text-align: justify;\"><span style=\"font-size: small;\">\u00a0 De acordo com o delegado representante, Ot\u00e1vio de Oliveira, no Estado de S\u00e3o Paulo, o SINPRF-SP levou o tema para discuss\u00e3o com o Superintendente da PRF em S\u00e3o Paulo, Inspetor Prado, a fim de buscar o di\u00e1logo e a possibilidade de uma solu\u00e7\u00e3o negociada, que contemplasse tamb\u00e9m os PRFs que precisavam realizar o teste, pois buscavam \u00edndices para cursos em Bras\u00edlia. \u201cUma solu\u00e7\u00e3o que pode ser vi\u00e1vel, proposta pelo Gabinete, seria que apenas os servidores que n\u00e3o fizeram o teste no ano passado sejam avaliados este ano, de forma bem gradual e com todas as regras de distanciamento e seguran\u00e7a, bem mais para o final do prazo estipulado pelo Edital que prev\u00ea que o teste f\u00edsico pode ser realizado at\u00e9 o dia 30 de novembro. Na pr\u00e1tica, a primeira parte do TAF j\u00e1 foi realizada, com a participa\u00e7\u00e3o apenas dos colegas que queriam concorrer \u00e0s vagas dos cursos do Departamento. O SINPRF-SP continua atuando para que a sa\u00fade e os direitos dos nossos filiados sejam preservados\u201d, explicou Ot\u00e1vio de Oliveira.<\/span><\/p>\n<\/div>\n","protected":false},"excerpt":{"rendered":"<p>\u00a0 Desde a edi\u00e7\u00e3o do Edital do TAF\/2020 em 04 de agosto, todo o Sistema Sindical PRF tem tentado convencer a Administra\u00e7\u00e3o que em meio \u00e0 uma emerg\u00eancia de sa\u00fade de import\u00e2ncia internacional, com Estados e Munic\u00edpios com \u00e1reas em diferentes est\u00e1gios de reabertura, al\u00e9m das \u00e1reas de Sa\u00fade e Gest\u00e3o de Pessoas das Superintend\u00eancias [&hellip;]<\/p>\n","protected":false},"author":3,"featured_media":12298,"comment_status":"closed","ping_status":"closed","sticky":false,"template":"","format":"standard","meta":{"footnotes":""},"categories":[1],"tags":[],"class_list":["post-12297","post","type-post","status-publish","format-standard","has-post-thumbnail","hentry","category-noticias-gerais"],"_links":{"self":[{"href":"https:\/\/sinprfsp.org.br\/index.php\/wp-json\/wp\/v2\/posts\/12297","targetHints":{"allow":["GET"]}}],"collection":[{"href":"https:\/\/sinprfsp.org.br\/index.php\/wp-json\/wp\/v2\/posts"}],"about":[{"href":"https:\/\/sinprfsp.org.br\/index.php\/wp-json\/wp\/v2\/types\/post"}],"author":[{"embeddable":true,"href":"https:\/\/sinprfsp.org.br\/index.php\/wp-json\/wp\/v2\/users\/3"}],"replies":[{"embeddable":true,"href":"https:\/\/sinprfsp.org.br\/index.php\/wp-json\/wp\/v2\/comments?post=12297"}],"version-history":[{"count":1,"href":"https:\/\/sinprfsp.org.br\/index.php\/wp-json\/wp\/v2\/posts\/12297\/revisions"}],"predecessor-version":[{"id":12299,"href":"https:\/\/sinprfsp.org.br\/index.php\/wp-json\/wp\/v2\/posts\/12297\/revisions\/12299"}],"wp:featuredmedia":[{"embeddable":true,"href":"https:\/\/sinprfsp.org.br\/index.php\/wp-json\/wp\/v2\/media\/12298"}],"wp:attachment":[{"href":"https:\/\/sinprfsp.org.br\/index.php\/wp-json\/wp\/v2\/media?parent=12297"}],"wp:term":[{"taxonomy":"category","embeddable":true,"href":"https:\/\/sinprfsp.org.br\/index.php\/wp-json\/wp\/v2\/categories?post=12297"},{"taxonomy":"post_tag","embeddable":true,"href":"https:\/\/sinprfsp.org.br\/index.php\/wp-json\/wp\/v2\/tags?post=12297"}],"curies":[{"name":"wp","href":"https:\/\/api.w.org\/{rel}","templated":true}]}}