{"id":12352,"date":"2020-08-18T21:28:13","date_gmt":"2020-08-19T00:28:13","guid":{"rendered":"https:\/\/mjtom.com.br\/site1\/?p=12352"},"modified":"2022-01-07T13:03:29","modified_gmt":"2022-01-07T16:03:29","slug":"prf-sao-paulo-realiza-testagem-para-covid-19-no-vale-do-paraiba","status":"publish","type":"post","link":"https:\/\/sinprfsp.org.br\/index.php\/2020\/08\/18\/prf-sao-paulo-realiza-testagem-para-covid-19-no-vale-do-paraiba\/","title":{"rendered":"PRF S\u00e3o Paulo realiza testagem para COVID-19 no Vale do Para\u00edba"},"content":{"rendered":"<div class=\"descricao\">\n<p style=\"text-align: justify;\"><span style=\"font-size: small;\">\u00a0 A Superintend\u00eancia da PRF em S\u00e3o Paulo, por meio do N\u00facleo de Aten\u00e7\u00e3o \u00e0 Sa\u00fade, realizar\u00e1 testagem para Covid-19 (testes de IgG e IgM), na regi\u00e3o do Vale do Para\u00edba, aos PRFs ativos e aposentados.<\/span><\/p>\n<p style=\"text-align: justify;\"><span style=\"font-size: small;\">\u00a0 Os atendimentos ser\u00e3o realizados das 8 \u00e0s 16h, de acordo com o seguinte calend\u00e1rio: nesta quarta-feira (19) a equipe estar\u00e1 na Delegacia PRF de S\u00e3o Jos\u00e9 dos Campos. Quinta-feira (20) na Delegacia PRF de Taubat\u00e9 e na pr\u00f3xima segunda e ter\u00e7a-feira, dias 24 e 25, a equipe atender\u00e1 na Delegacia PRF de Cachoeira Paulista.<\/span><\/p>\n<p style=\"text-align: justify;\"><span style=\"font-size: small;\"><strong>\u00a0 O que s\u00e3o os testes IgG e IgM<\/strong><\/span><\/p>\n<p style=\"text-align: justify;\"><span style=\"font-size: small;\">\u00a0 Os testes IgG podem indicar se a pessoa est\u00e1 na fase cr\u00f4nica e\/ou convalescente ou j\u00e1 teve contato com a doen\u00e7a em algum momento da vida e, portanto, para algumas doen\u00e7as, esses anticorpos funcionam como uma prote\u00e7\u00e3o em caso de novo contato com o microrganismo.<\/span><\/p>\n<p style=\"text-align: justify;\"><span style=\"font-size: small;\">\u00a0J\u00e1 os testes IgM possibilitam saber se uma pessoa possui anticorpos do tipo imunoglobulina M, ou seja, se a pessoa foi ou n\u00e3o exposta ao v\u00edrus e se est\u00e1 na fase ativa da doen\u00e7a, havendo assim possibilidade do microrganismo estar circulando no paciente naquele momento.<\/span><\/p>\n<p style=\"text-align: justify;\">\u00a0<\/p>\n<p style=\"text-align: justify;\">\u00a0<\/p>\n<\/div>\n","protected":false},"excerpt":{"rendered":"<p>\u00a0 A Superintend\u00eancia da PRF em S\u00e3o Paulo, por meio do N\u00facleo de Aten\u00e7\u00e3o \u00e0 Sa\u00fade, realizar\u00e1 testagem para Covid-19 (testes de IgG e IgM), na regi\u00e3o do Vale do Para\u00edba, aos PRFs ativos e aposentados. \u00a0 Os atendimentos ser\u00e3o realizados das 8 \u00e0s 16h, de acordo com o seguinte calend\u00e1rio: nesta quarta-feira (19) a [&hellip;]<\/p>\n","protected":false},"author":3,"featured_media":12353,"comment_status":"closed","ping_status":"closed","sticky":false,"template":"","format":"standard","meta":{"footnotes":""},"categories":[41],"tags":[],"class_list":["post-12352","post","type-post","status-publish","format-standard","has-post-thumbnail","hentry","category-noticias-em-destaque"],"_links":{"self":[{"href":"https:\/\/sinprfsp.org.br\/index.php\/wp-json\/wp\/v2\/posts\/12352","targetHints":{"allow":["GET"]}}],"collection":[{"href":"https:\/\/sinprfsp.org.br\/index.php\/wp-json\/wp\/v2\/posts"}],"about":[{"href":"https:\/\/sinprfsp.org.br\/index.php\/wp-json\/wp\/v2\/types\/post"}],"author":[{"embeddable":true,"href":"https:\/\/sinprfsp.org.br\/index.php\/wp-json\/wp\/v2\/users\/3"}],"replies":[{"embeddable":true,"href":"https:\/\/sinprfsp.org.br\/index.php\/wp-json\/wp\/v2\/comments?post=12352"}],"version-history":[{"count":1,"href":"https:\/\/sinprfsp.org.br\/index.php\/wp-json\/wp\/v2\/posts\/12352\/revisions"}],"predecessor-version":[{"id":12354,"href":"https:\/\/sinprfsp.org.br\/index.php\/wp-json\/wp\/v2\/posts\/12352\/revisions\/12354"}],"wp:featuredmedia":[{"embeddable":true,"href":"https:\/\/sinprfsp.org.br\/index.php\/wp-json\/wp\/v2\/media\/12353"}],"wp:attachment":[{"href":"https:\/\/sinprfsp.org.br\/index.php\/wp-json\/wp\/v2\/media?parent=12352"}],"wp:term":[{"taxonomy":"category","embeddable":true,"href":"https:\/\/sinprfsp.org.br\/index.php\/wp-json\/wp\/v2\/categories?post=12352"},{"taxonomy":"post_tag","embeddable":true,"href":"https:\/\/sinprfsp.org.br\/index.php\/wp-json\/wp\/v2\/tags?post=12352"}],"curies":[{"name":"wp","href":"https:\/\/api.w.org\/{rel}","templated":true}]}}