{"id":12616,"date":"2020-04-08T21:41:31","date_gmt":"2020-04-09T00:41:31","guid":{"rendered":"https:\/\/mjtom.com.br\/site1\/?p=12616"},"modified":"2022-01-07T13:03:27","modified_gmt":"2022-01-07T16:03:27","slug":"novas-emergencias-velhas-surpresas","status":"publish","type":"post","link":"https:\/\/sinprfsp.org.br\/index.php\/2020\/04\/08\/novas-emergencias-velhas-surpresas\/","title":{"rendered":"Novas emerg\u00eancias,  velhas surpresas"},"content":{"rendered":"<div class=\"descricao\">\n<p><span style=\"font-size: small;\">Por Angelo Marion<\/span><\/p>\n<p><span style=\"font-size: small;\">Psicanalista e Policial Rodovi\u00e1rio Federal<\/span><br \/><a href=\"http:\/\/www.angelopsicanalise.com\"><span style=\"font-size: small;\">www.angelopsicanalise.com<\/span><\/a><\/p>\n<p style=\"text-align: justify;\"><span style=\"font-size: small;\">\u00a0 Isolamento social: as pessoas em casa evitando contato com outras, estranhas ao ambiente residencial, e com locais de grande circula\u00e7\u00e3o. Sim, uma medida preventiva diante da pandemia da COVID-19.<\/span><\/p>\n<p style=\"text-align: justify;\"><span style=\"font-size: small;\">\u00a0 As percep\u00e7\u00f5es que temos, a partir desse fato, indicam situa\u00e7\u00f5es pessoais ou relacionais diferentes daquelas da rotina normal. Muitas vezes, o isolamento provoca altera\u00e7\u00f5es afetivas e emocionais antes desconhecidas, oriundas da pr\u00f3pria situa\u00e7\u00e3o de segrega\u00e7\u00e3o e limita\u00e7\u00e3o, inclusive na capacidade de ir e vir.\u00a0<\/span><\/p>\n<p style=\"text-align: justify;\"><span style=\"font-size: small;\">\u00a0 Entretanto, as percep\u00e7\u00f5es desse contexto n\u00e3o s\u00e3o novidade em boa parte.\u00a0<\/span><\/p>\n<p style=\"text-align: justify;\"><span style=\"font-size: small;\">\u00a0 No que toca \u00e0 percep\u00e7\u00e3o de si, a novidade predominante: o que fazer? Afinal, o \u00f3cio estabelecido tem atividades limitadas como contraponto. Faxinas e reformas s\u00e3o conclu\u00eddas e o lazer fica mon\u00f3tono, pois at\u00e9 a maratona de s\u00e9ries n\u00e3o se diferencia diante do nada a fazer. A busca desenfreada e repetitiva por atividade pode revelar um caso de TOC (transtorno obsessivo-compulsivo) ou, em casos graves, especialmente diante da situa\u00e7\u00e3o coletiva, um estado de paranoia. Veja que essas altera\u00e7\u00f5es podem ser reveladas e n\u00e3o surgidas devido ao isolamento, pois a fragilidade afetivo-emocional j\u00e1 existia.<\/span><\/p>\n<p style=\"text-align: justify;\"><span style=\"font-size: small;\">\u00a0 Nossa estrutura ps\u00edquica possui fragilidades que, em situa\u00e7\u00f5es normais podem n\u00e3o ser percebidas e, nessa situa\u00e7\u00e3o em que a rotina que nos absorve est\u00e1 alterada, v\u00eam \u00e0 tona de forma surpreendente, como se fosse algo criado agora, apenas sob essa condi\u00e7\u00e3o.<\/span><\/p>\n<p style=\"text-align: justify;\"><span style=\"font-size: small;\">\u00a0 E quando o isolamento e a pandemia passarem? Da\u00ed voc\u00ea fica de um lado, aliviado pela volta da vida \u201cnormal\u201d e, de outro, com um lampejo de consci\u00eancia da situa\u00e7\u00e3o real do seu aparelho ps\u00edquico. H\u00e1 duas op\u00e7\u00f5es: alimentar o medo de encarar suas profundezas, com o mergulho na rotina novamente ou, e isso requer coragem, buscar conhecer-se melhor, tirando proveito da experi\u00eancia e subindo o padr\u00e3o da qualidade da vida afetiva.<\/span><\/p>\n<p style=\"text-align: justify;\"><span style=\"font-size: small;\">\u00a0 Por hora medite, relaxe, ame, ore, trabalhe como poss\u00edvel ou apenas adote uma postura de austeridade, reconhecendo que somos, sim, apenas seres transit\u00f3rios em busca de aprendizado. N\u00e3o \u00e9 conformar-se, mas aprender!<\/span><\/p>\n<p style=\"text-align: justify;\"><span style=\"font-size: small;\">\u00a0 No que diz respeito \u00e0 percep\u00e7\u00e3o dos relacionamentos, o isolamento n\u00e3o \u00e9 individual, mas com no m\u00ednimo outra pessoa e, na maioria dos casos, s\u00e3o essas duas pessoas que passam horas e horas juntas, sem compromissos, sem rotina, sem pressa&#8230; em casos onde h\u00e1 mais pessoas, esse quadro se repete, por\u00e9m em maior complexidade.<\/span><\/p>\n<p style=\"text-align: justify;\"><span style=\"font-size: small;\">\u00a0 \u00c9 a oportunidade de averiguar sobre quais valores os relacionamentos afetivos est\u00e3o alicer\u00e7ados e, de novo, fica evidenciado a qualidade afetiva dos relacionamentos.<\/span><\/p>\n<p style=\"text-align: justify;\"><span style=\"font-size: small;\">\u00a0 Essa semana ouvi um relato feliz, onde uma pessoa empres\u00e1ria, professora, com uma rotina consider\u00e1vel, disse estar sentindo como se estivesse novamente com seis meses de casada, ao deparar-se fazendo bolo e feij\u00e3o novo para o jantar com o marido. Ou seja, est\u00e1 sendo uma boa experi\u00eancia o isolamento, tendo agora a possibilidade de utilizar-se dessa mem\u00f3ria para melhora da qualidade do relacionamento quando o isolamento passar.<\/span><\/p>\n<p style=\"text-align: justify;\"><span style=\"font-size: small;\">\u00a0 Tamb\u00e9m tenho ouvido relatos preocupantes, em que as pessoas envolvidas, al\u00e9m de estarem lidando com percep\u00e7\u00f5es pr\u00f3prias antes n\u00e3o conhecidas, est\u00e3o tendo a dimens\u00e3o de qu\u00e3o inadequados s\u00e3o seus relacionamentos, que apenas trazem satisfa\u00e7\u00e3o enquanto envoltos numa rotina ou condi\u00e7\u00f5es que sustentam tais relacionamentos, quer dizer, o relacionamento, o v\u00ednculo afetivo em si, n\u00e3o existe ou \u00e9 fr\u00e1gil. Nesse caso \u00e9 hora de construir as bases de um relacionamento saud\u00e1vel, sobrepor-se \u00e0s apar\u00eancias e ilus\u00f5es e quem sabe, firmar o amor para quando o isolamento acabar. Ou, em outros casos, adquirir consci\u00eancia da ilus\u00e3o criada e buscar a solu\u00e7\u00e3o que traga satisfa\u00e7\u00e3o e realidade, afinal, se algu\u00e9m n\u00e3o cuida de si, n\u00e3o tem condi\u00e7\u00e3o de cuidar de outrem.<\/span><\/p>\n<p style=\"text-align: justify;\"><span style=\"font-size: small;\">\u00a0 Sabe aquele momento em que vemos o amor como algo sublime e desapegado do mundo que nos circunda (em geral quando apaixonados)? Pois \u00e9, seja esse amor uma necessidade afetiva, um compromisso ou apenas uma emo\u00e7\u00e3o, \u00e9 a oportunidade de reavaliar esses momentos, sendo necess\u00e1rio humildade. Muito se tem falado em humildade intelectual, no sentido de buscarmos solu\u00e7\u00f5es entre conflitos de ideias e aplica\u00e7\u00e3o do conhecimento de forma \u00e9tica. Agora \u00e9 momento de exercitar a humildade afetiva, a come\u00e7ar pelo reconhecimento de que n\u00e3o conhecemos totalmente nossos afetos e emo\u00e7\u00f5es. \u00c9 reconhecer que a caminhada para o autoconhecimento e a evolu\u00e7\u00e3o \u00e9 longa, mas nesse momento temos um entreposto para continuarmos.<\/span><\/p>\n<p style=\"text-align: justify;\"><span style=\"font-size: small;\">\u00a0 Dessa forma, o isolamento traz oportunidades de revisarmos nossa vida, nossos rumos, nossos valores, relacionamentos e, principalmente, revisarmos nossa pr\u00f3pria exist\u00eancia. Temos a oportunidade de identificarmos o que seja verdadeiro \u00e0 mente e ao cora\u00e7\u00e3o, onde percebemos fatos antes desconhecidos, inconscientes, que agora apresentam-se claros \u00e0 consci\u00eancia, restando-nos decidir de forma madura, saud\u00e1vel e com livre arb\u00edtrio o que fazer com essas velhas surpresas.<\/span><\/p>\n<p style=\"text-align: justify;\"><span style=\"font-size: small;\">\u00a0 Fiquem bem!<\/span><\/p>\n<\/div>\n","protected":false},"excerpt":{"rendered":"<p>Por Angelo Marion Psicanalista e Policial Rodovi\u00e1rio Federalwww.angelopsicanalise.com \u00a0 Isolamento social: as pessoas em casa evitando contato com outras, estranhas ao ambiente residencial, e com locais de grande circula\u00e7\u00e3o. Sim, uma medida preventiva diante da pandemia da COVID-19. \u00a0 As percep\u00e7\u00f5es que temos, a partir desse fato, indicam situa\u00e7\u00f5es pessoais ou relacionais diferentes daquelas da [&hellip;]<\/p>\n","protected":false},"author":3,"featured_media":12617,"comment_status":"closed","ping_status":"closed","sticky":false,"template":"","format":"standard","meta":{"footnotes":""},"categories":[41],"tags":[],"class_list":["post-12616","post","type-post","status-publish","format-standard","has-post-thumbnail","hentry","category-noticias-em-destaque"],"_links":{"self":[{"href":"https:\/\/sinprfsp.org.br\/index.php\/wp-json\/wp\/v2\/posts\/12616","targetHints":{"allow":["GET"]}}],"collection":[{"href":"https:\/\/sinprfsp.org.br\/index.php\/wp-json\/wp\/v2\/posts"}],"about":[{"href":"https:\/\/sinprfsp.org.br\/index.php\/wp-json\/wp\/v2\/types\/post"}],"author":[{"embeddable":true,"href":"https:\/\/sinprfsp.org.br\/index.php\/wp-json\/wp\/v2\/users\/3"}],"replies":[{"embeddable":true,"href":"https:\/\/sinprfsp.org.br\/index.php\/wp-json\/wp\/v2\/comments?post=12616"}],"version-history":[{"count":1,"href":"https:\/\/sinprfsp.org.br\/index.php\/wp-json\/wp\/v2\/posts\/12616\/revisions"}],"predecessor-version":[{"id":12618,"href":"https:\/\/sinprfsp.org.br\/index.php\/wp-json\/wp\/v2\/posts\/12616\/revisions\/12618"}],"wp:featuredmedia":[{"embeddable":true,"href":"https:\/\/sinprfsp.org.br\/index.php\/wp-json\/wp\/v2\/media\/12617"}],"wp:attachment":[{"href":"https:\/\/sinprfsp.org.br\/index.php\/wp-json\/wp\/v2\/media?parent=12616"}],"wp:term":[{"taxonomy":"category","embeddable":true,"href":"https:\/\/sinprfsp.org.br\/index.php\/wp-json\/wp\/v2\/categories?post=12616"},{"taxonomy":"post_tag","embeddable":true,"href":"https:\/\/sinprfsp.org.br\/index.php\/wp-json\/wp\/v2\/tags?post=12616"}],"curies":[{"name":"wp","href":"https:\/\/api.w.org\/{rel}","templated":true}]}}