{"id":12737,"date":"2020-02-14T21:47:24","date_gmt":"2020-02-15T00:47:24","guid":{"rendered":"https:\/\/mjtom.com.br\/site1\/?p=12737"},"modified":"2022-01-07T13:03:26","modified_gmt":"2022-01-07T16:03:26","slug":"sistemas-sindicais-representantes-dos-policiais-organizam-i-congresso-integrado","status":"publish","type":"post","link":"https:\/\/sinprfsp.org.br\/index.php\/2020\/02\/14\/sistemas-sindicais-representantes-dos-policiais-organizam-i-congresso-integrado\/","title":{"rendered":"Sistemas sindicais representantes dos policiais organizam I Congresso Integrado"},"content":{"rendered":"<div class=\"descricao\">\n<p style=\"text-align: justify;\"><span style=\"font-size: small;\">\u00a0 Os sistemas sindicais que representam policiais rodovi\u00e1rios federais, policiais federais e policiais civis se reuniram nesta segunda-feira (10) para definirem os detalhes do Primeiro Congresso Nacional, que reunir\u00e1 as tr\u00eas categorias.<\/span><\/p>\n<p style=\"text-align: justify;\"><span style=\"font-size: small;\">\u00a0O Congresso que est\u00e1 sendo organizado pela FenaPRF, Federa\u00e7\u00e3o dos Policiais Federais (Fenapef) e pela Confedera\u00e7\u00e3o Brasileira de Trabalhadores Policiais Civis (COBRAPOL), ser\u00e1 realizado nos dias 05, 06 e 07 de maio \u00a0e tem como objetivo fomentar a integra\u00e7\u00e3o do debate em torno dos principais temas que atingem as categorias, tais como a Reforma da Previd\u00eancia, os atuais projetos que comp\u00f5em o Plano Mais Brasil e tamb\u00e9m poss\u00edveis solu\u00e7\u00f5es para a Seguran\u00e7a P\u00fablica, como a entrada \u00fanica para todas as for\u00e7as policiais, ciclo completo de pol\u00edcia e planos de carreira bem estruturados.<\/span><\/p>\n<p style=\"text-align: justify;\"><span style=\"font-size: small;\">\u00a0 Participar\u00e3o do evento, al\u00e9m das categorias anfitri\u00e3s, policiais militares, policiais penais, agentes de tr\u00e2nsito e representantes de diversos f\u00f3runs.<\/span><\/p>\n<p><span style=\"font-size: small;\">\u00a0<\/span><\/p>\n<p><span style=\"font-size: small;\">Fonte: FenaPRF<\/span><\/p>\n<\/div>\n","protected":false},"excerpt":{"rendered":"<p>\u00a0 Os sistemas sindicais que representam policiais rodovi\u00e1rios federais, policiais federais e policiais civis se reuniram nesta segunda-feira (10) para definirem os detalhes do Primeiro Congresso Nacional, que reunir\u00e1 as tr\u00eas categorias. \u00a0O Congresso que est\u00e1 sendo organizado pela FenaPRF, Federa\u00e7\u00e3o dos Policiais Federais (Fenapef) e pela Confedera\u00e7\u00e3o Brasileira de Trabalhadores Policiais Civis (COBRAPOL), ser\u00e1 [&hellip;]<\/p>\n","protected":false},"author":3,"featured_media":12738,"comment_status":"closed","ping_status":"closed","sticky":false,"template":"","format":"standard","meta":{"footnotes":""},"categories":[41],"tags":[],"class_list":["post-12737","post","type-post","status-publish","format-standard","has-post-thumbnail","hentry","category-noticias-em-destaque"],"_links":{"self":[{"href":"https:\/\/sinprfsp.org.br\/index.php\/wp-json\/wp\/v2\/posts\/12737","targetHints":{"allow":["GET"]}}],"collection":[{"href":"https:\/\/sinprfsp.org.br\/index.php\/wp-json\/wp\/v2\/posts"}],"about":[{"href":"https:\/\/sinprfsp.org.br\/index.php\/wp-json\/wp\/v2\/types\/post"}],"author":[{"embeddable":true,"href":"https:\/\/sinprfsp.org.br\/index.php\/wp-json\/wp\/v2\/users\/3"}],"replies":[{"embeddable":true,"href":"https:\/\/sinprfsp.org.br\/index.php\/wp-json\/wp\/v2\/comments?post=12737"}],"version-history":[{"count":1,"href":"https:\/\/sinprfsp.org.br\/index.php\/wp-json\/wp\/v2\/posts\/12737\/revisions"}],"predecessor-version":[{"id":12739,"href":"https:\/\/sinprfsp.org.br\/index.php\/wp-json\/wp\/v2\/posts\/12737\/revisions\/12739"}],"wp:featuredmedia":[{"embeddable":true,"href":"https:\/\/sinprfsp.org.br\/index.php\/wp-json\/wp\/v2\/media\/12738"}],"wp:attachment":[{"href":"https:\/\/sinprfsp.org.br\/index.php\/wp-json\/wp\/v2\/media?parent=12737"}],"wp:term":[{"taxonomy":"category","embeddable":true,"href":"https:\/\/sinprfsp.org.br\/index.php\/wp-json\/wp\/v2\/categories?post=12737"},{"taxonomy":"post_tag","embeddable":true,"href":"https:\/\/sinprfsp.org.br\/index.php\/wp-json\/wp\/v2\/tags?post=12737"}],"curies":[{"name":"wp","href":"https:\/\/api.w.org\/{rel}","templated":true}]}}