{"id":12801,"date":"2020-01-10T21:50:58","date_gmt":"2020-01-11T00:50:58","guid":{"rendered":"https:\/\/mjtom.com.br\/site1\/?p=12801"},"modified":"2022-01-07T13:03:26","modified_gmt":"2022-01-07T16:03:26","slug":"sindicato-participa-da-recepcao-aos-novos-prfs-em-sao-paulo","status":"publish","type":"post","link":"https:\/\/sinprfsp.org.br\/index.php\/2020\/01\/10\/sindicato-participa-da-recepcao-aos-novos-prfs-em-sao-paulo\/","title":{"rendered":"Sindicato participa da recep\u00e7\u00e3o aos novos PRFs em S\u00e3o Paulo"},"content":{"rendered":"<div class=\"descricao\">\n<p style=\"text-align: justify;\"><span style=\"font-family: arial, helvetica, sans-serif; font-size: medium;\">O SINPRF-SP participou do processo de ambienta\u00e7\u00e3o dos 38 novos policiais recentemente empossados na Superintend\u00eancia da Pol\u00edcia Rodovi\u00e1ria Federal em S\u00e3o Paulo. O presidente da entidade, Fabio Luis, e os Delegados Representantes do Sindicato na FenaPRF, Kleber e Ot\u00e1vio, puderam falar um pouco sobre a import\u00e2ncia do fortalecimento de nossa representa\u00e7\u00e3o, lembrando das lutas recentes e fazendo o chamado para as pr\u00f3ximas batalhas que se avizinham.<\/span><\/p>\n<p style=\"text-align: justify;\"><span style=\"font-family: arial, helvetica, sans-serif; font-size: medium;\">O Sindicato de S\u00e3o Paulo tem consolidado uma postura de seriedade e de responsabilidade frente a Superintend\u00eancia e o Departamento, o que permite, na maioria das vezes, o trabalho conjunto, e, quando h\u00e1 conflito de interesses, a busca de solu\u00e7\u00f5es negociadas. E foi desta forma que o Inspetor Fernandes, Superintendente Executivo, abriu espa\u00e7o para o Sindicato durante a apresenta\u00e7\u00e3o aos novos colegas.<\/span><\/p>\n<p style=\"text-align: justify;\"><span style=\"font-family: arial, helvetica, sans-serif; font-size: medium;\">O Presidente Fabio Luis, hoje em seu segundo mandato frente ao SINPRF-SP, deu boas vindas para os novos PRFs contando sobre como nossa entidade tem se destacado no cen\u00e1rio nacional em parceria com outras entidades que tamb\u00e9m tem apostado no caminho da qualifica\u00e7\u00e3o dos seus quadros. Destacou tamb\u00e9m o car\u00e1ter suprapartid\u00e1rio da entidade, o que nos permite acesso a parlamentares de todas as correntes ideol\u00f3gicas. Os colegas Kleber e Ot\u00e1vio frisaram, de um lado, a import\u00e2ncia do trabalho que o Sindicato tem feito em Bras\u00edlia e, de outro, a proximidade da diretoria da entidade como o efetivo da ponta, ajudando na solu\u00e7\u00e3o de problemas do dia a dia e buscando uma gest\u00e3o democr\u00e1tica e compartilhada.<\/span><\/p>\n<p style=\"text-align: justify;\"><span style=\"font-family: arial, helvetica, sans-serif; font-size: medium;\">Al\u00e9m da necessidade de mantermos uma representatividade forte, foram divulgados tamb\u00e9m os benef\u00edcios diretos como a ampla assist\u00eancia jur\u00eddica, o acesso ao plano de sa\u00fade oferecido mediante parceria com o SINPRF-SP, e demais conv\u00eanios. O resultado: at\u00e9 o final da quarta-feira todos os novos colegas j\u00e1 haviam entregue a Ficha de Filia\u00e7\u00e3o assinada.<\/span><\/p>\n<p style=\"text-align: justify;\"><span style=\"font-family: arial, helvetica, sans-serif; font-size: medium;\">Os novos policiais est\u00e3o sendo lotados nas Delegacias de Itapecerica da Serra e Registro, o que permitir\u00e1 a movimenta\u00e7\u00e3o do efetivo de S\u00e3o Paulo que participou do SISNAR VIII. Embora este n\u00famero n\u00e3o consiga nem repor as aposentadorias concedidas antes da Reforma da Previd\u00eancia, ele seria ainda menor, e seu aumento, bem como a promessa de novos n\u00fameros, foram o fruto do trabalho de press\u00e3o da Administra\u00e7\u00e3o Regional e do Sistema Sindical.<\/span><\/p>\n<\/div>\n","protected":false},"excerpt":{"rendered":"<p>O SINPRF-SP participou do processo de ambienta\u00e7\u00e3o dos 38 novos policiais recentemente empossados na Superintend\u00eancia da Pol\u00edcia Rodovi\u00e1ria Federal em S\u00e3o Paulo. O presidente da entidade, Fabio Luis, e os Delegados Representantes do Sindicato na FenaPRF, Kleber e Ot\u00e1vio, puderam falar um pouco sobre a import\u00e2ncia do fortalecimento de nossa representa\u00e7\u00e3o, lembrando das lutas recentes [&hellip;]<\/p>\n","protected":false},"author":3,"featured_media":12802,"comment_status":"closed","ping_status":"closed","sticky":false,"template":"","format":"standard","meta":{"footnotes":""},"categories":[41],"tags":[],"class_list":["post-12801","post","type-post","status-publish","format-standard","has-post-thumbnail","hentry","category-noticias-em-destaque"],"_links":{"self":[{"href":"https:\/\/sinprfsp.org.br\/index.php\/wp-json\/wp\/v2\/posts\/12801","targetHints":{"allow":["GET"]}}],"collection":[{"href":"https:\/\/sinprfsp.org.br\/index.php\/wp-json\/wp\/v2\/posts"}],"about":[{"href":"https:\/\/sinprfsp.org.br\/index.php\/wp-json\/wp\/v2\/types\/post"}],"author":[{"embeddable":true,"href":"https:\/\/sinprfsp.org.br\/index.php\/wp-json\/wp\/v2\/users\/3"}],"replies":[{"embeddable":true,"href":"https:\/\/sinprfsp.org.br\/index.php\/wp-json\/wp\/v2\/comments?post=12801"}],"version-history":[{"count":1,"href":"https:\/\/sinprfsp.org.br\/index.php\/wp-json\/wp\/v2\/posts\/12801\/revisions"}],"predecessor-version":[{"id":12803,"href":"https:\/\/sinprfsp.org.br\/index.php\/wp-json\/wp\/v2\/posts\/12801\/revisions\/12803"}],"wp:featuredmedia":[{"embeddable":true,"href":"https:\/\/sinprfsp.org.br\/index.php\/wp-json\/wp\/v2\/media\/12802"}],"wp:attachment":[{"href":"https:\/\/sinprfsp.org.br\/index.php\/wp-json\/wp\/v2\/media?parent=12801"}],"wp:term":[{"taxonomy":"category","embeddable":true,"href":"https:\/\/sinprfsp.org.br\/index.php\/wp-json\/wp\/v2\/categories?post=12801"},{"taxonomy":"post_tag","embeddable":true,"href":"https:\/\/sinprfsp.org.br\/index.php\/wp-json\/wp\/v2\/tags?post=12801"}],"curies":[{"name":"wp","href":"https:\/\/api.w.org\/{rel}","templated":true}]}}