{"id":12833,"date":"2019-12-23T21:52:41","date_gmt":"2019-12-24T00:52:41","guid":{"rendered":"https:\/\/mjtom.com.br\/site1\/?p=12833"},"modified":"2022-01-07T13:03:25","modified_gmt":"2022-01-07T16:03:25","slug":"prfs-de-sao-jose-do-rio-preto-sao-homenageados-pela-camara-municipal","status":"publish","type":"post","link":"https:\/\/sinprfsp.org.br\/index.php\/2019\/12\/23\/prfs-de-sao-jose-do-rio-preto-sao-homenageados-pela-camara-municipal\/","title":{"rendered":"PRFs de S\u00e3o Jos\u00e9 do Rio Preto s\u00e3o  homenageados pela C\u00e2mara Municipal"},"content":{"rendered":"<div class=\"descricao\">\n<p style=\"text-align: justify;\"><span style=\"font-size: small;\">\u00a0 No \u00faltimo dia 11 de dezembro, a C\u00e2mara Municipal de S\u00e3o Jos\u00e9 do Rio Preto realizou Ato Solene em Congratula\u00e7\u00e3o aos Policiais Rodovi\u00e1rios Federais da DelPRF\/ S. J. do Rio Preto.<\/span><\/p>\n<p style=\"text-align: justify;\"><span style=\"font-size: small;\">\u00a0 A solenidade foi presidida pelo vereador Jos\u00e9 Carlos Marinho e contou com a participa\u00e7\u00e3o do Subprefeito de Talhado, Pedro Nimer. \u201cEstamos aqui reunidos para homenagear esses policiais rodovi\u00e1rios federais pelos relevantes trabalhos prestados \u00e0 nossa sociedade\u201d, explicou Jos\u00e9 Carlos Marinho.<\/span><\/p>\n<p style=\"text-align: justify;\">\u00a0<\/p>\n<p style=\"text-align: justify;\">\u00a0<\/p>\n<\/div>\n","protected":false},"excerpt":{"rendered":"<p>\u00a0 No \u00faltimo dia 11 de dezembro, a C\u00e2mara Municipal de S\u00e3o Jos\u00e9 do Rio Preto realizou Ato Solene em Congratula\u00e7\u00e3o aos Policiais Rodovi\u00e1rios Federais da DelPRF\/ S. J. do Rio Preto. \u00a0 A solenidade foi presidida pelo vereador Jos\u00e9 Carlos Marinho e contou com a participa\u00e7\u00e3o do Subprefeito de Talhado, Pedro Nimer. \u201cEstamos aqui [&hellip;]<\/p>\n","protected":false},"author":3,"featured_media":12834,"comment_status":"closed","ping_status":"closed","sticky":false,"template":"","format":"standard","meta":{"footnotes":""},"categories":[41],"tags":[],"class_list":["post-12833","post","type-post","status-publish","format-standard","has-post-thumbnail","hentry","category-noticias-em-destaque"],"_links":{"self":[{"href":"https:\/\/sinprfsp.org.br\/index.php\/wp-json\/wp\/v2\/posts\/12833","targetHints":{"allow":["GET"]}}],"collection":[{"href":"https:\/\/sinprfsp.org.br\/index.php\/wp-json\/wp\/v2\/posts"}],"about":[{"href":"https:\/\/sinprfsp.org.br\/index.php\/wp-json\/wp\/v2\/types\/post"}],"author":[{"embeddable":true,"href":"https:\/\/sinprfsp.org.br\/index.php\/wp-json\/wp\/v2\/users\/3"}],"replies":[{"embeddable":true,"href":"https:\/\/sinprfsp.org.br\/index.php\/wp-json\/wp\/v2\/comments?post=12833"}],"version-history":[{"count":1,"href":"https:\/\/sinprfsp.org.br\/index.php\/wp-json\/wp\/v2\/posts\/12833\/revisions"}],"predecessor-version":[{"id":12835,"href":"https:\/\/sinprfsp.org.br\/index.php\/wp-json\/wp\/v2\/posts\/12833\/revisions\/12835"}],"wp:featuredmedia":[{"embeddable":true,"href":"https:\/\/sinprfsp.org.br\/index.php\/wp-json\/wp\/v2\/media\/12834"}],"wp:attachment":[{"href":"https:\/\/sinprfsp.org.br\/index.php\/wp-json\/wp\/v2\/media?parent=12833"}],"wp:term":[{"taxonomy":"category","embeddable":true,"href":"https:\/\/sinprfsp.org.br\/index.php\/wp-json\/wp\/v2\/categories?post=12833"},{"taxonomy":"post_tag","embeddable":true,"href":"https:\/\/sinprfsp.org.br\/index.php\/wp-json\/wp\/v2\/tags?post=12833"}],"curies":[{"name":"wp","href":"https:\/\/api.w.org\/{rel}","templated":true}]}}