{"id":12865,"date":"2018-12-11T21:54:30","date_gmt":"2018-12-11T23:54:30","guid":{"rendered":"https:\/\/mjtom.com.br\/site1\/?p=12865"},"modified":"2022-01-07T13:03:25","modified_gmt":"2022-01-07T16:03:25","slug":"sinprf-sp-parabeniza-turma-de-71","status":"publish","type":"post","link":"https:\/\/sinprfsp.org.br\/index.php\/2018\/12\/11\/sinprf-sp-parabeniza-turma-de-71\/","title":{"rendered":"SINPRF-SP parabeniza Turma de 71"},"content":{"rendered":"<div class=\"descricao\">\n<p style=\"text-align: justify;\"><span style=\"font-size: small;\">\u00a0 O Sindicato dos Policiais Rodovi\u00e1rios Federais no Estado de S\u00e3o Paulo (SINPRF-SP) parabeniza os Policiais Rodovi\u00e1rios Federais que ingressaram na PRF no ano de 1971, por seus 48 anos, completados neste m\u00eas.<\/span><\/p>\n<p style=\"text-align: justify;\"><span style=\"font-size: small;\">\u00a0 Indagado sobre as lembran\u00e7as dessa \u00e9poca, o diretor do SINPRF-SP, Em\u00edlio Lescura, que ingressou na PRF em 1\u00ba de dezembro de 1971, lembra que antes de 1990 a institui\u00e7\u00e3o fazia parte do Minist\u00e9rio dos Transportes. \u201cAntes faz\u00edamos parte do DNER e \u00e9ramos comandados por engenheiros. Em 1990, passamos a fazer parte do Minist\u00e9rio da Justi\u00e7a e com a ajuda dos mais antigos, constru\u00edmos a base s\u00f3lida da PRF de hoje\u201d, explicou.<\/span><\/p>\n<p style=\"text-align: justify;\"><span style=\"font-size: small;\">\u00a0 Questionado sobre as dificuldades do passado, Em\u00edlio Lescura explica que as condi\u00e7\u00f5es de trabalho eram muito prec\u00e1rias. \u201cTrabalh\u00e1vamos com viaturas em desacordo e armamento, que muitas vezes, era emprestado, al\u00e9m do fato de que \u00e9ramos comandados por engenheiros, que muito pouco sabiam sobre as leis\u201d, disse.<\/span><\/p>\n<p style=\"text-align: justify;\"><span style=\"font-size: small;\">\u00a0 Muitos PRFs da turma de 71 contribu\u00edram diretamente na administra\u00e7\u00e3o da PRF, como \u00e9 o caso dos inspetores P\u00e1dua, Beckmam e Reinaldo, o qual foi diretor da institui\u00e7\u00e3o.<\/span><\/p>\n<p style=\"text-align: justify;\"><span style=\"font-size: small;\">\u00a0 A atual diretoria do SINPRF-SP conta com a contribui\u00e7\u00e3o de dois inspetores da Turma de 71, que trazem na bagagem uma grande experi\u00eancia, s\u00e3o eles os diretores: Em\u00edlio Lescura e Valdomiro Rapini.<\/span><\/p>\n<p style=\"text-align: justify;\"><span style=\"font-size: small;\">\u201cAgradecemos imensamente esses policiais pela excel\u00eancia, lealdade e dedica\u00e7\u00e3o \u00e0 Pol\u00edcia Rodovi\u00e1ria Federal e \u00e0 sociedade brasileira no exerc\u00edcio de suas atividades\u201d, parabeniza o presidente do SINPRF-SP, F\u00e1bio Lu\u00eds de Almeida.<\/span><\/p>\n<p style=\"text-align: justify;\">\u00a0<\/p>\n<p style=\"text-align: center;\"><span style=\"font-size: small;\"><img decoding=\"async\" title=\"Turma_71\" src=\"https:\/\/mjtom.com.br\/site1\/wp-content\/uploads\/2021\/10\/sinprf-sp-parabeniza-turma-de-71_6178a3453521e.jpeg\" alt=\"Turma_71\"><\/span><\/p>\n<p style=\"text-align: center;\">\u00a0<\/p>\n<p style=\"text-align: center;\"><span style=\"font-size: small;\"><img decoding=\"async\" title=\"Turma_71_02\" src=\"https:\/\/mjtom.com.br\/site1\/wp-content\/uploads\/2021\/10\/sinprf-sp-parabeniza-turma-de-71_6178a345d4f5f.jpeg\" alt=\"Turma_71_02\"><\/span><\/p>\n<p style=\"text-align: justify;\">\u00a0<\/p>\n<p style=\"text-align: justify;\">\u00a0<\/p>\n<\/div>\n","protected":false},"excerpt":{"rendered":"<p>\u00a0 O Sindicato dos Policiais Rodovi\u00e1rios Federais no Estado de S\u00e3o Paulo (SINPRF-SP) parabeniza os Policiais Rodovi\u00e1rios Federais que ingressaram na PRF no ano de 1971, por seus 48 anos, completados neste m\u00eas. \u00a0 Indagado sobre as lembran\u00e7as dessa \u00e9poca, o diretor do SINPRF-SP, Em\u00edlio Lescura, que ingressou na PRF em 1\u00ba de dezembro de [&hellip;]<\/p>\n","protected":false},"author":3,"featured_media":12866,"comment_status":"closed","ping_status":"closed","sticky":false,"template":"","format":"standard","meta":{"footnotes":""},"categories":[1],"tags":[],"class_list":["post-12865","post","type-post","status-publish","format-standard","has-post-thumbnail","hentry","category-noticias-gerais"],"_links":{"self":[{"href":"https:\/\/sinprfsp.org.br\/index.php\/wp-json\/wp\/v2\/posts\/12865","targetHints":{"allow":["GET"]}}],"collection":[{"href":"https:\/\/sinprfsp.org.br\/index.php\/wp-json\/wp\/v2\/posts"}],"about":[{"href":"https:\/\/sinprfsp.org.br\/index.php\/wp-json\/wp\/v2\/types\/post"}],"author":[{"embeddable":true,"href":"https:\/\/sinprfsp.org.br\/index.php\/wp-json\/wp\/v2\/users\/3"}],"replies":[{"embeddable":true,"href":"https:\/\/sinprfsp.org.br\/index.php\/wp-json\/wp\/v2\/comments?post=12865"}],"version-history":[{"count":1,"href":"https:\/\/sinprfsp.org.br\/index.php\/wp-json\/wp\/v2\/posts\/12865\/revisions"}],"predecessor-version":[{"id":12869,"href":"https:\/\/sinprfsp.org.br\/index.php\/wp-json\/wp\/v2\/posts\/12865\/revisions\/12869"}],"wp:featuredmedia":[{"embeddable":true,"href":"https:\/\/sinprfsp.org.br\/index.php\/wp-json\/wp\/v2\/media\/12866"}],"wp:attachment":[{"href":"https:\/\/sinprfsp.org.br\/index.php\/wp-json\/wp\/v2\/media?parent=12865"}],"wp:term":[{"taxonomy":"category","embeddable":true,"href":"https:\/\/sinprfsp.org.br\/index.php\/wp-json\/wp\/v2\/categories?post=12865"},{"taxonomy":"post_tag","embeddable":true,"href":"https:\/\/sinprfsp.org.br\/index.php\/wp-json\/wp\/v2\/tags?post=12865"}],"curies":[{"name":"wp","href":"https:\/\/api.w.org\/{rel}","templated":true}]}}