{"id":12953,"date":"2019-11-05T21:58:28","date_gmt":"2019-11-06T00:58:28","guid":{"rendered":"https:\/\/mjtom.com.br\/site1\/?p=12953"},"modified":"2022-01-07T13:03:24","modified_gmt":"2022-01-07T16:03:24","slug":"presidente-do-sinprf-sp-se-reune-com-efetivo-da-8a-delprf","status":"publish","type":"post","link":"https:\/\/sinprfsp.org.br\/index.php\/2019\/11\/05\/presidente-do-sinprf-sp-se-reune-com-efetivo-da-8a-delprf\/","title":{"rendered":"Presidente do SINPRF-SP se re\u00fane com efetivo da 8\u00aa DelPRF"},"content":{"rendered":"<div class=\"descricao\">\n<p style=\"text-align: justify;\"><span style=\"font-size: small;\">\u00a0 O presidente do SINPRF-SP, F\u00e1bio Lu\u00eds de Almeida, representando toda a sua diretoria, participou de uma reuni\u00e3o com o efetivo da 8\u00aa Delegacia PRF de Cachoeira Paulista.<\/span><\/p>\n<p style=\"text-align: justify;\"><span style=\"font-size: small;\">\u00a0 A reuni\u00e3o realizada na sede da delegacia, teve como pauta a reforma da previd\u00eancia, reajuste do plano de sa\u00fade Unimed Fesp, entre outros assuntos de interesse da categoria.<\/span><\/p>\n<p class=\"Pargrafobsico\" style=\"text-align: justify;\"><span style=\"font-size: small;\">\u00a0 Segundo o presidente F\u00e1bio Lu\u00eds, reuni\u00f5es como esta proporcionam uma fant\u00e1stica oportunidade de intera\u00e7\u00e3o entre o efetivo e o sistema sindical. \u201cConversei com muitos colegas em particular, os quais me relataram suas quest\u00f5es pessoais e fizeram questionamentos. Foi uma oportunidade \u00edmpar de di\u00e1logo franco e verdadeiro\u201d, relatou.<\/span><\/p>\n<p style=\"text-align: justify;\"><span style=\"font-size: small;\">\u00a0 Sobre a reforma da previd\u00eancia, o presidente do SINPRF-SP explicou que o sistema sindical est\u00e1 atento \u00e0 tramita\u00e7\u00e3o da PEC Paralela. \u201cNossa luta \u00e9 \u00e1rdua e ser\u00e1 travada at\u00e9 o final, n\u00e3o desistimos nunca\u201d, disse.<\/span><\/p>\n<p class=\"Pargrafobsico\" style=\"text-align: justify;\"><span style=\"font-size: small;\">\u00a0A respeito do reajuste do plano de sa\u00fade, presidente F\u00e1bio Lu\u00eds informou que, segundo a operadora, o mesmo se deu em raz\u00e3o de alguns fatores: \u201c\u00a0A operadora do plano de sa\u00fade explicou que, como nosso plano \u00e9 coletivo e o contrato \u00e9 por ades\u00e3o, os reajustes s\u00e3o calculados com base nas regras da ANS levando em considera\u00e7\u00e3o os \u00edndices de sinistralidade, infla\u00e7\u00e3o m\u00e9dica, al\u00e9m dos custos gerais do contrato, explicou.<\/span><\/p>\n<p class=\"Pargrafobsico\" style=\"text-align: justify;\"><span style=\"font-size: small;\">\u00a0 Outro assunto citado pelo presidente do SINPRF-SP, foi a parceria que o sindicato mant\u00e9m com a psic\u00f3loga Patr\u00edcia Fernandes. \u201cMantemos esta parceria com a psic\u00f3loga Patr\u00edcia Fernandes, que tem ajudado muitos colegas. Estamos formulando um projeto para melhor atender nossos sindicalizados nesta \u00e1rea, facilitando o acesso ao atendimento, o qual ser\u00e1 realizado dentro do contexto do dia a dia de nossos policiais\u201d, finalizou F\u00e1bio Lu\u00eds.<\/span><\/p>\n<p class=\"Pargrafobsico\" style=\"text-align: justify;\"><span style=\"font-size: small;\">\u00a0 Para os interessados, o atendimento com a psic\u00f3loga Patr\u00edcia Fernandes pode ser agendado por meio do telefone: (11) 98911-7112, ou pelo e-mail: psicologiapf@gmail.com.<\/span><\/p>\n<p class=\"Pargrafobsico\" style=\"text-align: justify;\">\u00a0<\/p>\n<p class=\"Pargrafobsico\" style=\"text-align: center;\"><span style=\"font-size: small;\"><img decoding=\"async\" title=\"Reuniao_1\" src=\"https:\/\/mjtom.com.br\/site1\/wp-content\/uploads\/2021\/10\/presidente-do-sinprf-sp-se-reune-com-efetivo-da-8a-delprf_6178a432d7c59.jpeg\" alt=\"Reuniao_1\"><\/span><\/p>\n<p class=\"Pargrafobsico\" style=\"text-align: center;\"><span style=\"font-size: small;\"><img fetchpriority=\"high\" decoding=\"async\" title=\"Reuniao_2\" src=\"https:\/\/mjtom.com.br\/site1\/wp-content\/uploads\/2021\/10\/presidente-do-sinprf-sp-se-reune-com-efetivo-da-8a-delprf_6178a4334c098.jpeg\" alt=\"Reuniao_2\" width=\"427\" height=\"310\"><\/span><\/p>\n<p class=\"Pargrafobsico\" style=\"text-align: center;\"><img decoding=\"async\" title=\"Reuniao_3\" src=\"https:\/\/mjtom.com.br\/site1\/wp-content\/uploads\/2021\/10\/presidente-do-sinprf-sp-se-reune-com-efetivo-da-8a-delprf_6178a433d3ea5.jpeg\" alt=\"Reuniao_3\" width=\"424\" height=\"287\"><\/p>\n<\/div>\n","protected":false},"excerpt":{"rendered":"<p>\u00a0 O presidente do SINPRF-SP, F\u00e1bio Lu\u00eds de Almeida, representando toda a sua diretoria, participou de uma reuni\u00e3o com o efetivo da 8\u00aa Delegacia PRF de Cachoeira Paulista. \u00a0 A reuni\u00e3o realizada na sede da delegacia, teve como pauta a reforma da previd\u00eancia, reajuste do plano de sa\u00fade Unimed Fesp, entre outros assuntos de interesse [&hellip;]<\/p>\n","protected":false},"author":3,"featured_media":12954,"comment_status":"closed","ping_status":"closed","sticky":false,"template":"","format":"standard","meta":{"footnotes":""},"categories":[41],"tags":[],"class_list":["post-12953","post","type-post","status-publish","format-standard","has-post-thumbnail","hentry","category-noticias-em-destaque"],"_links":{"self":[{"href":"https:\/\/sinprfsp.org.br\/index.php\/wp-json\/wp\/v2\/posts\/12953","targetHints":{"allow":["GET"]}}],"collection":[{"href":"https:\/\/sinprfsp.org.br\/index.php\/wp-json\/wp\/v2\/posts"}],"about":[{"href":"https:\/\/sinprfsp.org.br\/index.php\/wp-json\/wp\/v2\/types\/post"}],"author":[{"embeddable":true,"href":"https:\/\/sinprfsp.org.br\/index.php\/wp-json\/wp\/v2\/users\/3"}],"replies":[{"embeddable":true,"href":"https:\/\/sinprfsp.org.br\/index.php\/wp-json\/wp\/v2\/comments?post=12953"}],"version-history":[{"count":1,"href":"https:\/\/sinprfsp.org.br\/index.php\/wp-json\/wp\/v2\/posts\/12953\/revisions"}],"predecessor-version":[{"id":12958,"href":"https:\/\/sinprfsp.org.br\/index.php\/wp-json\/wp\/v2\/posts\/12953\/revisions\/12958"}],"wp:featuredmedia":[{"embeddable":true,"href":"https:\/\/sinprfsp.org.br\/index.php\/wp-json\/wp\/v2\/media\/12954"}],"wp:attachment":[{"href":"https:\/\/sinprfsp.org.br\/index.php\/wp-json\/wp\/v2\/media?parent=12953"}],"wp:term":[{"taxonomy":"category","embeddable":true,"href":"https:\/\/sinprfsp.org.br\/index.php\/wp-json\/wp\/v2\/categories?post=12953"},{"taxonomy":"post_tag","embeddable":true,"href":"https:\/\/sinprfsp.org.br\/index.php\/wp-json\/wp\/v2\/tags?post=12953"}],"curies":[{"name":"wp","href":"https:\/\/api.w.org\/{rel}","templated":true}]}}