{"id":12986,"date":"2019-10-10T22:00:07","date_gmt":"2019-10-11T01:00:07","guid":{"rendered":"https:\/\/mjtom.com.br\/site1\/?p=12986"},"modified":"2022-01-07T13:03:24","modified_gmt":"2022-01-07T16:03:24","slug":"nota-de-falecimento-pensionista-maria-silva-de-assis","status":"publish","type":"post","link":"https:\/\/sinprfsp.org.br\/index.php\/2019\/10\/10\/nota-de-falecimento-pensionista-maria-silva-de-assis\/","title":{"rendered":"Nota de Falecimento &#8211; Pensionista Maria Silva de Assis"},"content":{"rendered":"<div class=\"descricao\">\n<p style=\"text-align: justify;\"><span style=\"font-size: small;\">\u00a0 \u00c9 com imenso pesar que a Diretoria do Sindicato dos Policiais Rodovi\u00e1rios Federais no Estado de S\u00e3o Paulo (SINPRF-SP), comunica o\u00a0<strong>falecimento da pensionista, Maria Silva de Assis, m\u00e3e do Policial Rodovi\u00e1rio Federal, Ricardo Jos\u00e9 de Assis, lotado na 1\u00aa Delegacia PRF de Guarulhos.<\/strong><\/span><\/p>\n<p style=\"text-align: justify;\"><span style=\"font-size: small;\">\u00a0\u00a0<\/span><span style=\"font-size: small;\">O vel\u00f3rio ser\u00e1 realizado hoje (10), no cemit\u00e9rio do Carmo II, em Itaquera, na cidade de S\u00e3o Paulo, a partir das 12h. O sepultamento ser\u00e1 realizado \u00e0s 17h, no mesmo local.<\/span><\/p>\n<p style=\"text-align: justify;\"><span style=\"font-size: small;\">\u00a0\u00a0<\/span><span style=\"font-size: small;\">Neste momento rogamos a Deus, f\u00e9 e resigna\u00e7\u00e3o para que sua fam\u00edlia possa superar este momento de dor e grande perda.<\/span><\/p>\n<p style=\"text-align: justify;\">\u00a0<\/p>\n<\/div>\n","protected":false},"excerpt":{"rendered":"<p>\u00a0 \u00c9 com imenso pesar que a Diretoria do Sindicato dos Policiais Rodovi\u00e1rios Federais no Estado de S\u00e3o Paulo (SINPRF-SP), comunica o\u00a0falecimento da pensionista, Maria Silva de Assis, m\u00e3e do Policial Rodovi\u00e1rio Federal, Ricardo Jos\u00e9 de Assis, lotado na 1\u00aa Delegacia PRF de Guarulhos. \u00a0\u00a0O vel\u00f3rio ser\u00e1 realizado hoje (10), no cemit\u00e9rio do Carmo II, [&hellip;]<\/p>\n","protected":false},"author":3,"featured_media":12987,"comment_status":"closed","ping_status":"closed","sticky":false,"template":"","format":"standard","meta":{"footnotes":""},"categories":[41],"tags":[],"class_list":["post-12986","post","type-post","status-publish","format-standard","has-post-thumbnail","hentry","category-noticias-em-destaque"],"_links":{"self":[{"href":"https:\/\/sinprfsp.org.br\/index.php\/wp-json\/wp\/v2\/posts\/12986","targetHints":{"allow":["GET"]}}],"collection":[{"href":"https:\/\/sinprfsp.org.br\/index.php\/wp-json\/wp\/v2\/posts"}],"about":[{"href":"https:\/\/sinprfsp.org.br\/index.php\/wp-json\/wp\/v2\/types\/post"}],"author":[{"embeddable":true,"href":"https:\/\/sinprfsp.org.br\/index.php\/wp-json\/wp\/v2\/users\/3"}],"replies":[{"embeddable":true,"href":"https:\/\/sinprfsp.org.br\/index.php\/wp-json\/wp\/v2\/comments?post=12986"}],"version-history":[{"count":1,"href":"https:\/\/sinprfsp.org.br\/index.php\/wp-json\/wp\/v2\/posts\/12986\/revisions"}],"predecessor-version":[{"id":12988,"href":"https:\/\/sinprfsp.org.br\/index.php\/wp-json\/wp\/v2\/posts\/12986\/revisions\/12988"}],"wp:featuredmedia":[{"embeddable":true,"href":"https:\/\/sinprfsp.org.br\/index.php\/wp-json\/wp\/v2\/media\/12987"}],"wp:attachment":[{"href":"https:\/\/sinprfsp.org.br\/index.php\/wp-json\/wp\/v2\/media?parent=12986"}],"wp:term":[{"taxonomy":"category","embeddable":true,"href":"https:\/\/sinprfsp.org.br\/index.php\/wp-json\/wp\/v2\/categories?post=12986"},{"taxonomy":"post_tag","embeddable":true,"href":"https:\/\/sinprfsp.org.br\/index.php\/wp-json\/wp\/v2\/tags?post=12986"}],"curies":[{"name":"wp","href":"https:\/\/api.w.org\/{rel}","templated":true}]}}