{"id":13023,"date":"2019-09-03T10:57:25","date_gmt":"2019-09-03T13:57:25","guid":{"rendered":"https:\/\/mjtom.com.br\/site1\/?p=13023"},"modified":"2022-01-07T13:03:24","modified_gmt":"2022-01-07T16:03:24","slug":"comissao-aprova-pena-maior-para-crimes-contra-policiais","status":"publish","type":"post","link":"https:\/\/sinprfsp.org.br\/index.php\/2019\/09\/03\/comissao-aprova-pena-maior-para-crimes-contra-policiais\/","title":{"rendered":"Comiss\u00e3o aprova pena maior para crimes contra policiais"},"content":{"rendered":"<div class=\"descricao\">\n<p style=\"text-align: justify;\"><span style=\"font-size: small;\">\u00a0 A Comiss\u00e3o de Seguran\u00e7a P\u00fablica e Combate ao Crime Organizado da C\u00e2mara dos Deputados aprovou o aumento da pena para crimes cometidos contra integrantes das pol\u00edcias, do sistema judicial, do sistema prisional e das For\u00e7as Armadas (quando motivado pela atua\u00e7\u00e3o profissional).<\/span><\/p>\n<p style=\"text-align: justify;\"><span style=\"font-size: small;\">\u00a0 O texto aprovado \u00e9 o substitutivo do relator, deputado federal Subtenente Gonzaga (PDT-MG), ao Projeto de Lei 1090\/19 e abrange ainda os crimes contra c\u00f4njuge ou familiares at\u00e9 o terceiro grau, se a inten\u00e7\u00e3o for atingir o agente p\u00fablico em raz\u00e3o do seu cargo.<\/span><\/p>\n<p style=\"text-align: justify;\"><span style=\"font-size: small;\">\u00a0 De acordo com o deputado Subtenente Gonzaga, as altera\u00e7\u00f5es fortalecer\u00e3o as institui\u00e7\u00f5es p\u00fablicas respons\u00e1veis pela aplica\u00e7\u00e3o da lei e pelo combate ao crime, tratando com mais rigor os crimes praticados contra os agentes dessas categorias.<\/span><\/p>\n<p style=\"text-align: justify;\"><span style=\"font-size: small;\">\u00a0 A proposta ainda ser\u00e1 analisada pela Comiss\u00e3o de Constitui\u00e7\u00e3o e Justi\u00e7a e de Cidadania antes de ser votada em plen\u00e1rio.<\/span><\/p>\n<p style=\"text-align: justify;\">\u00a0<\/p>\n<p style=\"text-align: justify;\"><span style=\"font-size: small;\">\u00a0 Com informa\u00e7\u00f5s da Ag\u00eancia C\u00e2mara Not\u00edcias<\/span><\/p>\n<p style=\"text-align: justify;\"><span style=\"font-size: small;\"><img decoding=\"async\" title=\"Valorize\" src=\"https:\/\/mjtom.com.br\/site1\/wp-content\/uploads\/2021\/10\/comissao-aprova-pena-maior-para-crimes-contra-policiais_61795ac4375ea.jpeg\" alt=\"Valorize\"><\/span><\/p>\n<p style=\"text-align: justify;\"><span style=\"font-size: small;\">\u00a0<\/span><\/p>\n<\/div>\n","protected":false},"excerpt":{"rendered":"<p>\u00a0 A Comiss\u00e3o de Seguran\u00e7a P\u00fablica e Combate ao Crime Organizado da C\u00e2mara dos Deputados aprovou o aumento da pena para crimes cometidos contra integrantes das pol\u00edcias, do sistema judicial, do sistema prisional e das For\u00e7as Armadas (quando motivado pela atua\u00e7\u00e3o profissional). \u00a0 O texto aprovado \u00e9 o substitutivo do relator, deputado federal Subtenente Gonzaga [&hellip;]<\/p>\n","protected":false},"author":3,"featured_media":13024,"comment_status":"closed","ping_status":"closed","sticky":false,"template":"","format":"standard","meta":{"footnotes":""},"categories":[41],"tags":[],"class_list":["post-13023","post","type-post","status-publish","format-standard","has-post-thumbnail","hentry","category-noticias-em-destaque"],"_links":{"self":[{"href":"https:\/\/sinprfsp.org.br\/index.php\/wp-json\/wp\/v2\/posts\/13023","targetHints":{"allow":["GET"]}}],"collection":[{"href":"https:\/\/sinprfsp.org.br\/index.php\/wp-json\/wp\/v2\/posts"}],"about":[{"href":"https:\/\/sinprfsp.org.br\/index.php\/wp-json\/wp\/v2\/types\/post"}],"author":[{"embeddable":true,"href":"https:\/\/sinprfsp.org.br\/index.php\/wp-json\/wp\/v2\/users\/3"}],"replies":[{"embeddable":true,"href":"https:\/\/sinprfsp.org.br\/index.php\/wp-json\/wp\/v2\/comments?post=13023"}],"version-history":[{"count":1,"href":"https:\/\/sinprfsp.org.br\/index.php\/wp-json\/wp\/v2\/posts\/13023\/revisions"}],"predecessor-version":[{"id":13026,"href":"https:\/\/sinprfsp.org.br\/index.php\/wp-json\/wp\/v2\/posts\/13023\/revisions\/13026"}],"wp:featuredmedia":[{"embeddable":true,"href":"https:\/\/sinprfsp.org.br\/index.php\/wp-json\/wp\/v2\/media\/13024"}],"wp:attachment":[{"href":"https:\/\/sinprfsp.org.br\/index.php\/wp-json\/wp\/v2\/media?parent=13023"}],"wp:term":[{"taxonomy":"category","embeddable":true,"href":"https:\/\/sinprfsp.org.br\/index.php\/wp-json\/wp\/v2\/categories?post=13023"},{"taxonomy":"post_tag","embeddable":true,"href":"https:\/\/sinprfsp.org.br\/index.php\/wp-json\/wp\/v2\/tags?post=13023"}],"curies":[{"name":"wp","href":"https:\/\/api.w.org\/{rel}","templated":true}]}}