{"id":13151,"date":"2019-07-03T11:02:59","date_gmt":"2019-07-03T14:02:59","guid":{"rendered":"https:\/\/mjtom.com.br\/site1\/?p=13151"},"modified":"2022-01-07T13:03:23","modified_gmt":"2022-01-07T16:03:23","slug":"sinprf-sp-convida-seus-sindicalizados-para-festa-em-homenagem-aos-25-anos-da-turma-de-94","status":"publish","type":"post","link":"https:\/\/sinprfsp.org.br\/index.php\/2019\/07\/03\/sinprf-sp-convida-seus-sindicalizados-para-festa-em-homenagem-aos-25-anos-da-turma-de-94\/","title":{"rendered":"SINPRF-SP convida seus sindicalizados para Festa em Homenagem aos 25 anos da Turma de 94"},"content":{"rendered":"<div class=\"descricao\">\n<p style=\"text-align: center;\" align=\"center\"><span style=\"font-size: small;\">O Sindicato dos Policiais Rodovi\u00e1rios Federais no Estado de S\u00e3o Paulo (SINPRF-SP) tem a honra de convidar Vossa Senhoria e sua fam\u00edlia para festa<\/span><\/p>\n<p style=\"text-align: center;\" align=\"center\"><span style=\"font-size: small;\"><strong>em HOMENAGEM\u00a0 AOS 25 ANOS DA TURMA DE 94.<\/strong><\/span><\/p>\n<p style=\"text-align: center;\" align=\"center\"><span style=\"font-size: small;\"><strong>Dia 20 de Julho de 2019 (S\u00c1BADO), das 8 \u00e0s 18h, no Sitio Cachoeiras, localizado na Rodovia Presidente Dutra, KM 190, Santa Isabel\/SP.<\/strong><\/span><\/p>\n<p style=\"text-align: center;\" align=\"center\"><span style=\"font-size: small;\">Na ocasi\u00e3o ser\u00e1 realizado um Torneio Interdelegacias\/Sede.<\/span><\/p>\n<p style=\"text-align: center;\" align=\"center\"><span style=\"font-size: small;\">Solicitamos a gentileza de confirmar presen\u00e7a para uma melhor organiza\u00e7\u00e3o, por meio do telefone: (11) 2631-9600, at\u00e9 o dia 15\/07\/2019<\/span><\/p>\n<p style=\"text-align: center;\" align=\"center\">\u00a0<\/p>\n<p style=\"text-align: center;\" align=\"center\"><span style=\"font-size: small;\"><img decoding=\"async\" title=\"Festa\" src=\"https:\/\/mjtom.com.br\/site1\/wp-content\/uploads\/2021\/10\/sinprf-sp-convida-seus-sindicalizados-para-festa-em-homenagem-aos-25-anos-da-turma-de-94_61795c1360d8c.jpeg\" alt=\"Festa\"><\/span><\/p>\n<\/div>\n","protected":false},"excerpt":{"rendered":"<p>O Sindicato dos Policiais Rodovi\u00e1rios Federais no Estado de S\u00e3o Paulo (SINPRF-SP) tem a honra de convidar Vossa Senhoria e sua fam\u00edlia para festa em HOMENAGEM\u00a0 AOS 25 ANOS DA TURMA DE 94. Dia 20 de Julho de 2019 (S\u00c1BADO), das 8 \u00e0s 18h, no Sitio Cachoeiras, localizado na Rodovia Presidente Dutra, KM 190, Santa [&hellip;]<\/p>\n","protected":false},"author":3,"featured_media":13152,"comment_status":"closed","ping_status":"closed","sticky":false,"template":"","format":"standard","meta":{"footnotes":""},"categories":[1],"tags":[],"class_list":["post-13151","post","type-post","status-publish","format-standard","has-post-thumbnail","hentry","category-noticias-gerais"],"_links":{"self":[{"href":"https:\/\/sinprfsp.org.br\/index.php\/wp-json\/wp\/v2\/posts\/13151","targetHints":{"allow":["GET"]}}],"collection":[{"href":"https:\/\/sinprfsp.org.br\/index.php\/wp-json\/wp\/v2\/posts"}],"about":[{"href":"https:\/\/sinprfsp.org.br\/index.php\/wp-json\/wp\/v2\/types\/post"}],"author":[{"embeddable":true,"href":"https:\/\/sinprfsp.org.br\/index.php\/wp-json\/wp\/v2\/users\/3"}],"replies":[{"embeddable":true,"href":"https:\/\/sinprfsp.org.br\/index.php\/wp-json\/wp\/v2\/comments?post=13151"}],"version-history":[{"count":1,"href":"https:\/\/sinprfsp.org.br\/index.php\/wp-json\/wp\/v2\/posts\/13151\/revisions"}],"predecessor-version":[{"id":13154,"href":"https:\/\/sinprfsp.org.br\/index.php\/wp-json\/wp\/v2\/posts\/13151\/revisions\/13154"}],"wp:featuredmedia":[{"embeddable":true,"href":"https:\/\/sinprfsp.org.br\/index.php\/wp-json\/wp\/v2\/media\/13152"}],"wp:attachment":[{"href":"https:\/\/sinprfsp.org.br\/index.php\/wp-json\/wp\/v2\/media?parent=13151"}],"wp:term":[{"taxonomy":"category","embeddable":true,"href":"https:\/\/sinprfsp.org.br\/index.php\/wp-json\/wp\/v2\/categories?post=13151"},{"taxonomy":"post_tag","embeddable":true,"href":"https:\/\/sinprfsp.org.br\/index.php\/wp-json\/wp\/v2\/tags?post=13151"}],"curies":[{"name":"wp","href":"https:\/\/api.w.org\/{rel}","templated":true}]}}