{"id":13161,"date":"2019-07-01T11:03:09","date_gmt":"2019-07-01T14:03:09","guid":{"rendered":"https:\/\/mjtom.com.br\/site1\/?p=13161"},"modified":"2022-01-07T13:03:23","modified_gmt":"2022-01-07T16:03:23","slug":"twitaco-reforma-da-previdencia","status":"publish","type":"post","link":"https:\/\/sinprfsp.org.br\/index.php\/2019\/07\/01\/twitaco-reforma-da-previdencia\/","title":{"rendered":"Twita\u00e7o &#8211; Reforma da Previd\u00eancia"},"content":{"rendered":"<div class=\"descricao\">\n<p style=\"text-align: center;\"><span style=\"font-size: small;\">\u00a0 Amanh\u00e3, 2\/7, vamos promover um Twita\u00e7o utilizando a hashtag<\/span><\/p>\n<p><span style=\"font-size: small;\">\u00a0\u00a0<a href=\"https:\/\/www.facebook.com\/hashtag\/pioraposentadoriapolicialdomundo?epa=HASHTAG\">#PiorAposentadoriaPolicialDoMundo<\/a><\/span><\/p>\n<p><span style=\"font-size: small;\">\u00a0 Vamos marcar os perfis dos Deputados membros da Comiss\u00e3o Especial e lutar para defender a seguran\u00e7a p\u00fablica brasileira, sempre utilizando as hashtags acima.<\/span><\/p>\n<p><span style=\"font-size: small;\">\u00a0 Todos juntos, ao longo desta ter\u00e7a-feira (02), e COM MAIOR INTENSIDADE A PARTIR DAS 12 h.\u00a0<\/span><\/p>\n<p><span style=\"font-size: small;\">\u00a0 <strong>Juntos somos mais fortes!!!<\/strong><\/span><\/p>\n<p style=\"text-align: center;\"><span style=\"font-size: small;\"><strong><img fetchpriority=\"high\" decoding=\"async\" title=\"Twita\u00e7o\" src=\"https:\/\/mjtom.com.br\/site1\/wp-content\/uploads\/2021\/10\/twitaco-reforma-da-previdencia_61795c1c5e057.jpeg\" alt=\"Twita\u00e7o\" width=\"509\" height=\"510\"><\/strong><\/span><\/p>\n<\/div>\n","protected":false},"excerpt":{"rendered":"<p>\u00a0 Amanh\u00e3, 2\/7, vamos promover um Twita\u00e7o utilizando a hashtag \u00a0\u00a0#PiorAposentadoriaPolicialDoMundo \u00a0 Vamos marcar os perfis dos Deputados membros da Comiss\u00e3o Especial e lutar para defender a seguran\u00e7a p\u00fablica brasileira, sempre utilizando as hashtags acima. \u00a0 Todos juntos, ao longo desta ter\u00e7a-feira (02), e COM MAIOR INTENSIDADE A PARTIR DAS 12 h.\u00a0 \u00a0 Juntos somos [&hellip;]<\/p>\n","protected":false},"author":3,"featured_media":13162,"comment_status":"closed","ping_status":"closed","sticky":false,"template":"","format":"standard","meta":{"footnotes":""},"categories":[41],"tags":[],"class_list":["post-13161","post","type-post","status-publish","format-standard","has-post-thumbnail","hentry","category-noticias-em-destaque"],"_links":{"self":[{"href":"https:\/\/sinprfsp.org.br\/index.php\/wp-json\/wp\/v2\/posts\/13161","targetHints":{"allow":["GET"]}}],"collection":[{"href":"https:\/\/sinprfsp.org.br\/index.php\/wp-json\/wp\/v2\/posts"}],"about":[{"href":"https:\/\/sinprfsp.org.br\/index.php\/wp-json\/wp\/v2\/types\/post"}],"author":[{"embeddable":true,"href":"https:\/\/sinprfsp.org.br\/index.php\/wp-json\/wp\/v2\/users\/3"}],"replies":[{"embeddable":true,"href":"https:\/\/sinprfsp.org.br\/index.php\/wp-json\/wp\/v2\/comments?post=13161"}],"version-history":[{"count":1,"href":"https:\/\/sinprfsp.org.br\/index.php\/wp-json\/wp\/v2\/posts\/13161\/revisions"}],"predecessor-version":[{"id":13164,"href":"https:\/\/sinprfsp.org.br\/index.php\/wp-json\/wp\/v2\/posts\/13161\/revisions\/13164"}],"wp:featuredmedia":[{"embeddable":true,"href":"https:\/\/sinprfsp.org.br\/index.php\/wp-json\/wp\/v2\/media\/13162"}],"wp:attachment":[{"href":"https:\/\/sinprfsp.org.br\/index.php\/wp-json\/wp\/v2\/media?parent=13161"}],"wp:term":[{"taxonomy":"category","embeddable":true,"href":"https:\/\/sinprfsp.org.br\/index.php\/wp-json\/wp\/v2\/categories?post=13161"},{"taxonomy":"post_tag","embeddable":true,"href":"https:\/\/sinprfsp.org.br\/index.php\/wp-json\/wp\/v2\/tags?post=13161"}],"curies":[{"name":"wp","href":"https:\/\/api.w.org\/{rel}","templated":true}]}}