{"id":13165,"date":"2019-06-27T11:03:13","date_gmt":"2019-06-27T14:03:13","guid":{"rendered":"https:\/\/mjtom.com.br\/site1\/?p=13165"},"modified":"2022-01-07T13:03:23","modified_gmt":"2022-01-07T16:03:23","slug":"policiais-participam-de-manifestacao-em-defesa-da-aposentadoria-policial","status":"publish","type":"post","link":"https:\/\/sinprfsp.org.br\/index.php\/2019\/06\/27\/policiais-participam-de-manifestacao-em-defesa-da-aposentadoria-policial\/","title":{"rendered":"Policiais participam de manifesta\u00e7\u00e3o em defesa da aposentadoria policial"},"content":{"rendered":"<div class=\"descricao\">\n<p style=\"text-align: justify;\"><span style=\"font-size: small;\">\u00a0 Em ato realizado na manh\u00e3 desta ter\u00e7a-feira (25), Policiais Federais, Rodovi\u00e1rios Federais e Civis, manifestaram-se em defesa da prote\u00e7\u00e3o constitucional da aposentadoria policial, amea\u00e7ada pela PEC 06\/2019, que trata sobre a reforma da Previd\u00eancia.<\/span><\/p>\n<p style=\"text-align: justify;\"><span style=\"font-size: small;\">\u00a0 A manifesta\u00e7\u00e3o organizada pela Uni\u00e3o dos Policiais do Brasil do Estado de S\u00e3o Paulo (UPB-SP), realizada em frente \u00e0 sede da Pol\u00edcia Federal, deixou claro que os trabalhadores da seguran\u00e7a p\u00fablica est\u00e3o insatisfeitos com o tratamento desigual que est\u00e1 sendo dado aos policiais na reforma previdenci\u00e1ria, em rela\u00e7\u00e3o aos militares das For\u00e7as Armadas, j\u00e1 que o relat\u00f3rio apresentado pelo relator da PEC 06\/2019, deputado federal Samuel Moreira (PSDB-SP), desconsiderou todas as emendas da seguran\u00e7a p\u00fablica, apesar de toda a mobiliza\u00e7\u00e3o realizada pelo sistema sindical, que colheu assinaturas para um total de 277 emendas, e da promessa do Presidente Jair Bolsonaro, juntamente com o Ministro da Economia Paulo Guedes e o secret\u00e1rio da Previd\u00eancia Rog\u00e9rio Marinho, feita a representantes da Uni\u00e3o dos Policiais do Brasil (UPB), em reuni\u00e3o realizada em Bras\u00edlia, de que atenderia os pleitos da categoria policial para uma aposentadoria digna.<\/span><\/p>\n<p style=\"text-align: justify;\"><span style=\"font-size: small;\">\u00a0 Ainda segundo a UPB-SP as injusti\u00e7as da PEC 06\/2019 iniciam-se com a desconstitucionaliza\u00e7\u00e3o dos crit\u00e9rios para a aposentadoria, o que facilitar\u00e1 altera\u00e7\u00f5es futuras por parte do\u00a0 Governo, j\u00e1 que permite que tais altera\u00e7\u00f5es sejam feitas por meio de Leis Complementares, as quais podem ser aprovadas por qu\u00f3rum e tramita\u00e7\u00e3o facilitada no Congresso, quando comparadas a uma Proposta de Emenda Complementar (PEC).<\/span><\/p>\n<p style=\"text-align: justify;\"><span style=\"font-size: small;\">\u00a0 Entre as desigualdades propostas para os policiais, em rela\u00e7\u00e3o aos militares, destacam-se a falta de uma regra de transi\u00e7\u00e3o, pens\u00e3o digna aos dependentes no caso de morte do policial e a falta de diferencia\u00e7\u00e3o de idade para as mulheres policiais.<\/span><\/p>\n<p style=\"text-align: justify;\"><span style=\"font-size: small;\">\u00a0 De acordo com o presidente do Sindicato dos Policiais Rodovi\u00e1rios Federais no Estado de S\u00e3o Paulo (SINPRF-SP), F\u00e1bio Lu\u00eds de Almeida, as injustas regras impostas nesta reforma, fazem do Brasil o pa\u00eds com a pior aposentadoria policial do mundo. \u201cCom a leitura do relat\u00f3rio da PEC 06\/2019 na Comiss\u00e3o Especial, o Governo e o Congresso deram mais um passo para acabar com a carreira policial, com uma desvaloriza\u00e7\u00e3o absurda, atrav\u00e9s de regras previdenci\u00e1rias injustas e que desestimulam qualquer profissional (n\u00e3o militar) da \u00e1rea da seguran\u00e7a p\u00fablica. Como continuar arriscando nossas vidas para defender a sociedade ao mesmo tempo em que n\u00f3s e nossas fam\u00edlias ficaremos mais desamparados pelo Estado Brasileiro?\u201d, desabafa F\u00e1bio Lu\u00eds.<\/span><\/p>\n<p style=\"text-align: justify;\"><span style=\"font-size: small;\">\u00a0 \u201cEst\u00e3o propondo um tratamento injusto e desigual aos policiais n\u00e3o-militares, eliminando a pens\u00e3o por morte digna para seus dependentes, sem qualquer regra de transi\u00e7\u00e3o, sem diferencia\u00e7\u00e3o de idade por g\u00eanero para as mulheres policiais, al\u00e9m de criar um tratamento p\u00e9ssimo para os policiais mais novos\u201d, explica a presidente do Sindicato dos Delegados de Pol\u00edcia Federal no Estado de S\u00e3o Paulo (ADPF-SP), T\u00e2nia Prado.<\/span><\/p>\n<p style=\"text-align: justify;\"><span style=\"font-size: small;\">\u00a0 Segundo o presidente do Sindicato dos Policiais Federais de S\u00e3o Paulo (SINDPOLF\/SP), Alexandre Santana Sally, a aposentadoria tardia \u00e9 um risco para o policial e para todos. \u201cA PEC n\u00e3o valoriza a categoria de trabalhadores da seguran\u00e7a p\u00fablica, principalmente as mulheres\u201d, disse Sally.<\/span><\/p>\n<p style=\"text-align: justify;\"><span style=\"font-size: small;\">\u00a0 Para o diretor da Associa\u00e7\u00e3o Nacional dos Escriv\u00e3es de Pol\u00edcia Federal, Marcelo Varela, a aposentadoria policial \u00e9 um direito e uma contrapartida pelo risco que os policiais correm e n\u00e3o um privil\u00e9gio. \u201cPoliciais n\u00e3o tiram folga porque o crime n\u00e3o tira folga. O risco de morte e invalidez permanente \u00e9 constante, faz parte da nossa rotina. Exercemos atividade de risco assim como os militares, e por isso temos igual direito a integralidade, paridade, pens\u00e3o por morte\/invalidez, regras de transi\u00e7\u00e3o justas e sem idade m\u00ednima\u201d, explica Varela.<\/span><\/p>\n<p style=\"text-align: justify;\"><span style=\"font-size: small;\"><strong>Altera\u00e7\u00f5es propostas pelo Governo afetam ainda mais a categoria policial<\/strong><\/span><\/p>\n<p style=\"text-align: justify;\"><span style=\"font-size: small;\">\u00a0Ainda nesta ter\u00e7a-feira (25), a categoria policial foi surpreendida por uma declara\u00e7\u00e3o do porta-voz da Presid\u00eancia da Rep\u00fablica, Ot\u00e1vio R\u00eago Barros, afirmando que o presidente Jair Bolsonaro determinou regras especiais de aposentadoria para policiais federais, mas a altera\u00e7\u00e3o proposta \u00e9 o aumento do tempo de atividade policial de 20 para 25 anos, desconsiderando qualquer diferencia\u00e7\u00e3o de g\u00eanero entre mulheres e homens, o que deixa ainda mais evidente o tratamento desigual que est\u00e1 sendo dado aos militares das For\u00e7as Armadas em rela\u00e7\u00e3o aos policiais n\u00e3o militares, os quais enfrentam situa\u00e7\u00f5es de risco \u00e0s suas vidas diariamente, e n\u00e3o apenas em casos de guerra.<\/span><\/p>\n<p><span style=\"font-size: small;\"><img fetchpriority=\"high\" decoding=\"async\" style=\"display: block; margin-left: auto; margin-right: auto;\" title=\"Ato_02\" src=\"https:\/\/mjtom.com.br\/site1\/wp-content\/uploads\/2021\/10\/policiais-participam-de-manifestacao-em-defesa-da-aposentadoria-policial_61795c2105ebb.jpeg\" alt=\"Ato_02\" width=\"327\" height=\"236\">\u00a0\u00a0<img decoding=\"async\" style=\"display: block; margin-left: auto; margin-right: auto;\" title=\"Ato_03\" src=\"https:\/\/mjtom.com.br\/site1\/wp-content\/uploads\/2021\/10\/policiais-participam-de-manifestacao-em-defesa-da-aposentadoria-policial_61795c2143e2e.jpeg\" alt=\"Ato_03\" width=\"324\" height=\"214\"><\/span><\/p>\n<\/div>\n","protected":false},"excerpt":{"rendered":"<p>\u00a0 Em ato realizado na manh\u00e3 desta ter\u00e7a-feira (25), Policiais Federais, Rodovi\u00e1rios Federais e Civis, manifestaram-se em defesa da prote\u00e7\u00e3o constitucional da aposentadoria policial, amea\u00e7ada pela PEC 06\/2019, que trata sobre a reforma da Previd\u00eancia. \u00a0 A manifesta\u00e7\u00e3o organizada pela Uni\u00e3o dos Policiais do Brasil do Estado de S\u00e3o Paulo (UPB-SP), realizada em frente \u00e0 [&hellip;]<\/p>\n","protected":false},"author":3,"featured_media":13166,"comment_status":"closed","ping_status":"closed","sticky":false,"template":"","format":"standard","meta":{"footnotes":""},"categories":[41],"tags":[],"class_list":["post-13165","post","type-post","status-publish","format-standard","has-post-thumbnail","hentry","category-noticias-em-destaque"],"_links":{"self":[{"href":"https:\/\/sinprfsp.org.br\/index.php\/wp-json\/wp\/v2\/posts\/13165","targetHints":{"allow":["GET"]}}],"collection":[{"href":"https:\/\/sinprfsp.org.br\/index.php\/wp-json\/wp\/v2\/posts"}],"about":[{"href":"https:\/\/sinprfsp.org.br\/index.php\/wp-json\/wp\/v2\/types\/post"}],"author":[{"embeddable":true,"href":"https:\/\/sinprfsp.org.br\/index.php\/wp-json\/wp\/v2\/users\/3"}],"replies":[{"embeddable":true,"href":"https:\/\/sinprfsp.org.br\/index.php\/wp-json\/wp\/v2\/comments?post=13165"}],"version-history":[{"count":1,"href":"https:\/\/sinprfsp.org.br\/index.php\/wp-json\/wp\/v2\/posts\/13165\/revisions"}],"predecessor-version":[{"id":13169,"href":"https:\/\/sinprfsp.org.br\/index.php\/wp-json\/wp\/v2\/posts\/13165\/revisions\/13169"}],"wp:featuredmedia":[{"embeddable":true,"href":"https:\/\/sinprfsp.org.br\/index.php\/wp-json\/wp\/v2\/media\/13166"}],"wp:attachment":[{"href":"https:\/\/sinprfsp.org.br\/index.php\/wp-json\/wp\/v2\/media?parent=13165"}],"wp:term":[{"taxonomy":"category","embeddable":true,"href":"https:\/\/sinprfsp.org.br\/index.php\/wp-json\/wp\/v2\/categories?post=13165"},{"taxonomy":"post_tag","embeddable":true,"href":"https:\/\/sinprfsp.org.br\/index.php\/wp-json\/wp\/v2\/tags?post=13165"}],"curies":[{"name":"wp","href":"https:\/\/api.w.org\/{rel}","templated":true}]}}