{"id":13170,"date":"2019-06-27T11:03:18","date_gmt":"2019-06-27T14:03:18","guid":{"rendered":"https:\/\/mjtom.com.br\/site1\/?p=13170"},"modified":"2022-01-07T13:03:23","modified_gmt":"2022-01-07T16:03:23","slug":"upb-sp-realiza-ato-em-defesa-da-aposentadoria-policial-digna","status":"publish","type":"post","link":"https:\/\/sinprfsp.org.br\/index.php\/2019\/06\/27\/upb-sp-realiza-ato-em-defesa-da-aposentadoria-policial-digna\/","title":{"rendered":"UPB-SP realiza ato em defesa da aposentadoria policial digna"},"content":{"rendered":"<div class=\"descricao\">\n<p style=\"text-align: justify;\"><span style=\"font-size: small;\">\u00a0 \u00a0Nesta ter\u00e7a-feira (25), \u00e0s 11h00, Policiais Rodovi\u00e1rios Federais, Policiais Federais e Civis participam de um grande ato em defesa da aposentadoria policial.<\/span><\/p>\n<p style=\"text-align: justify;\"><span style=\"font-size: small;\">\u00a0 \u00a0As manifesta\u00e7\u00f5es organizadas pela Uni\u00e3o dos Policiais Brasil no Estado de S\u00e3o Paulo (UPB-SP) t\u00eam como objetivo mostrar para o Governo Federal que os trabalhadores da seguran\u00e7a p\u00fablica n\u00e3o est\u00e3o satisfeitos com o tratamento desigual que est\u00e1 sendo dado aos policiais na reforma previdenci\u00e1ria, em rela\u00e7\u00e3o aos militares das For\u00e7as Armadas.<\/span><\/p>\n<p style=\"text-align: justify;\"><span style=\"font-size: small;\">\u00a0 \u00a0\u201c\u00c9 importante destacarmos que esta reforma prejudica a todos n\u00f3s, sem diferencia\u00e7\u00e3o entre ativos e aposentados e neste momento \u00e9 imprescind\u00edvel a conscientiza\u00e7\u00e3o e a uni\u00e3o de todos, explica o presidente do SINPRF-SP, F\u00e1bio Lu\u00eds de Almeida.<\/span><\/p>\n<p style=\"text-align: justify;\"><span style=\"font-size: small;\">\u00a0 \u00a0Para a UPB, o parecer da PEC 6\/19, apresentado pelo relator deputado federal Samuel Moreira na comiss\u00e3o especial da Reforma da Previd\u00eancia, \u00e9 extremamente injusto com os profissionais de seguran\u00e7a p\u00fablica, apesar de todas as tratativas levadas a efeito desde o final do ano passado pelas entidades de classe perante o Poder Executivo e o Poder Legislativo.<\/span><\/p>\n<p style=\"text-align: justify;\"><span style=\"font-size: small;\">\u00a0 \u00a0\u201cA PEC n\u00e3o valoriza a categoria de trabalhadores da seguran\u00e7a p\u00fablica, principalmente as mulheres. Aposentadoria tardia \u00e9 um risco para o policial e para todos\u201d, explica Alexandre Santana Sally \u2013 presidente do Sindicato dos Policiais Federais de S\u00e3o Paulo (SINDPOLF\/SP).<\/span><\/p>\n<p style=\"text-align: justify;\"><span style=\"font-size: small;\">\u00a0<\/span><\/p>\n<p style=\"text-align: justify;\"><span style=\"font-size: small;\">\u00a0Em parceria com Assessoria SINDPOL-SP<\/span><\/p>\n<p><span style=\"font-size: small;\"><img fetchpriority=\"high\" decoding=\"async\" style=\"display: block; margin-left: auto; margin-right: auto;\" title=\"Ato\" src=\"https:\/\/mjtom.com.br\/site1\/wp-content\/uploads\/2021\/10\/upb-sp-realiza-ato-em-defesa-da-aposentadoria-policial-digna_61795c2537f91.jpeg\" alt=\"Ato\" width=\"562\" height=\"524\"><\/span><\/p>\n<\/div>\n","protected":false},"excerpt":{"rendered":"<p>\u00a0 \u00a0Nesta ter\u00e7a-feira (25), \u00e0s 11h00, Policiais Rodovi\u00e1rios Federais, Policiais Federais e Civis participam de um grande ato em defesa da aposentadoria policial. \u00a0 \u00a0As manifesta\u00e7\u00f5es organizadas pela Uni\u00e3o dos Policiais Brasil no Estado de S\u00e3o Paulo (UPB-SP) t\u00eam como objetivo mostrar para o Governo Federal que os trabalhadores da seguran\u00e7a p\u00fablica n\u00e3o est\u00e3o satisfeitos [&hellip;]<\/p>\n","protected":false},"author":3,"featured_media":13171,"comment_status":"closed","ping_status":"closed","sticky":false,"template":"","format":"standard","meta":{"footnotes":""},"categories":[41],"tags":[],"class_list":["post-13170","post","type-post","status-publish","format-standard","has-post-thumbnail","hentry","category-noticias-em-destaque"],"_links":{"self":[{"href":"https:\/\/sinprfsp.org.br\/index.php\/wp-json\/wp\/v2\/posts\/13170","targetHints":{"allow":["GET"]}}],"collection":[{"href":"https:\/\/sinprfsp.org.br\/index.php\/wp-json\/wp\/v2\/posts"}],"about":[{"href":"https:\/\/sinprfsp.org.br\/index.php\/wp-json\/wp\/v2\/types\/post"}],"author":[{"embeddable":true,"href":"https:\/\/sinprfsp.org.br\/index.php\/wp-json\/wp\/v2\/users\/3"}],"replies":[{"embeddable":true,"href":"https:\/\/sinprfsp.org.br\/index.php\/wp-json\/wp\/v2\/comments?post=13170"}],"version-history":[{"count":1,"href":"https:\/\/sinprfsp.org.br\/index.php\/wp-json\/wp\/v2\/posts\/13170\/revisions"}],"predecessor-version":[{"id":13173,"href":"https:\/\/sinprfsp.org.br\/index.php\/wp-json\/wp\/v2\/posts\/13170\/revisions\/13173"}],"wp:featuredmedia":[{"embeddable":true,"href":"https:\/\/sinprfsp.org.br\/index.php\/wp-json\/wp\/v2\/media\/13171"}],"wp:attachment":[{"href":"https:\/\/sinprfsp.org.br\/index.php\/wp-json\/wp\/v2\/media?parent=13170"}],"wp:term":[{"taxonomy":"category","embeddable":true,"href":"https:\/\/sinprfsp.org.br\/index.php\/wp-json\/wp\/v2\/categories?post=13170"},{"taxonomy":"post_tag","embeddable":true,"href":"https:\/\/sinprfsp.org.br\/index.php\/wp-json\/wp\/v2\/tags?post=13170"}],"curies":[{"name":"wp","href":"https:\/\/api.w.org\/{rel}","templated":true}]}}