{"id":13179,"date":"2019-06-17T11:04:32","date_gmt":"2019-06-17T14:04:32","guid":{"rendered":"https:\/\/mjtom.com.br\/site1\/?p=13179"},"modified":"2022-01-07T13:03:23","modified_gmt":"2022-01-07T16:03:23","slug":"relatorio-de-samuel-moreira-desconsidera-demandas-da-categoria-policial","status":"publish","type":"post","link":"https:\/\/sinprfsp.org.br\/index.php\/2019\/06\/17\/relatorio-de-samuel-moreira-desconsidera-demandas-da-categoria-policial\/","title":{"rendered":"Relat\u00f3rio de Samuel Moreira desconsidera demandas da categoria policial"},"content":{"rendered":"<div class=\"descricao\">\n<p class=\"Pargrafobsico\" style=\"text-align: justify;\"><span style=\"font-size: small;\">\u00a0 No \u00faltimo dia 13, o deputado federal Samuel Moreira (PSDB-SP), relator da proposta de emenda \u00e0 Constitui\u00e7\u00e3o (PEC 06\/2019) que trata sobre a reforma da Previd\u00eancia, apresentou \u00e0 Comiss\u00e3o Especial na C\u00e2mara, parecer sobre o texto enviado ao Congresso pelo governo Bolsonaro.<\/span><\/p>\n<p class=\"Pargrafobsico\" style=\"text-align: justify;\"><span style=\"font-size: small;\">\u00a0O relat\u00f3rio apresentado n\u00e3o traz nenhuma altera\u00e7\u00e3o em rela\u00e7\u00e3o a aposentadoria policial, desconsiderando todas as emendas da seguran\u00e7a p\u00fablica, apesar de toda a mobiliza\u00e7\u00e3o realizada pelo sistema sindical, que colheu assinaturas para um total de 277 emendas no total, e da promessa do Presidente Jair Bolsonaro, juntamente com o Ministro da Economia Paulo Guedes e o secret\u00e1rio da Previd\u00eancia Rog\u00e9rio Marinho, de que atenderiam os pleitos dos policiais, durante reuni\u00e3o realizada com representantes da Uni\u00e3o dos Policiais do Brasil (UPB), realizada um dia antes da manifesta\u00e7\u00e3o realizada pela categoria em Bras\u00edlia.<\/span><\/p>\n<p class=\"Pargrafobsico\" style=\"text-align: justify;\"><span style=\"font-size: small;\">\u00a0Antes de ser analisado pelo plen\u00e1rio, o parecer do relator precisa ser votado na comiss\u00e3o. As datas de vota\u00e7\u00e3o ainda n\u00e3o foram definidas. Depois de passar pela C\u00e2mara, o texto segue para o Senado.<\/span><\/p>\n<p class=\"Pargrafobsico\" style=\"text-align: justify;\"><span style=\"font-size: small;\">\u00a0Como trata-se de uma PEC, para a aprova\u00e7\u00e3o \u00e9 necess\u00e1rio votos favor\u00e1veis de tr\u00eas quintos do total de parlamentares no plen\u00e1rio das duas casas (308 votos na C\u00e2mara e 49 no Senado), em dois turnos de vota\u00e7\u00e3o.<\/span><\/p>\n<p class=\"Pargrafobsico\" style=\"text-align: justify;\"><span style=\"font-size: small;\">\u201cNossa situa\u00e7\u00e3o na guerra por uma aposentadoria policial digna continua extremamente dif\u00edcil. Com a leitura do relat\u00f3rio na Comiss\u00e3o Especial, o Governo e o Congresso deram mais um passo para acabar com a carreira policial, com uma desvaloriza\u00e7\u00e3o absurda, atrav\u00e9s de regras previdenci\u00e1rias injustas e que desestimulam qualquer profissional (n\u00e3o militar) da \u00e1rea da seguran\u00e7a p\u00fablica. Como continuar arriscando nossas vidas para defender a sociedade ao mesmo tempo em que n\u00f3s e nossas fam\u00edlias ficaremos mais desamparados pelo Estado Brasileiro? \u00c9 preciso que o Presidente Bolsonaro, efetivamente, fa\u00e7a valer sua palavra dada aos policiais brasileiros. As injustas regras impostas nesta reforma fazem do Brasil o pa\u00eds com a pior aposentadoria policial do mundo\u201d, desabafou o presidente do SINPRF-SP, F\u00e1bio Lu\u00eds de Almeida.<\/span><\/p>\n<p class=\"Pargrafobsico\" style=\"text-align: justify;\"><span style=\"font-size: small;\"><strong>\u00a0A luta continua<\/strong><\/span><\/p>\n<p class=\"Pargrafobsico\" style=\"text-align: justify;\"><span style=\"font-size: small;\">\u00a0Mesmo ap\u00f3s a apresenta\u00e7\u00e3o do parecer do relator da PEC 06\/2019 ao Congresso, o texto ainda pode sofrer altera\u00e7\u00f5es antes de ser apresentado no plen\u00e1rio para vota\u00e7\u00e3o. Trata-se da possibilidade dos partidos apresentarem destaques, os quais s\u00e3o votados e quando aprovados, passam a integrar o texto original, mesmo que \u00e0 revelia do relator, seguindo para vota\u00e7\u00e3o.<\/span><\/p>\n<p style=\"text-align: justify;\"><span style=\"font-size: small;\">\u00a0Desta forma o sistema sindical PRF buscar\u00e1 o apoio dos parlamentares para que os pleitos da categoria sejam apresentados como destaques e aprovados por meio de vota\u00e7\u00e3o, para passarem a integrar o texto que ser\u00e1 votado.\u00a0 \u201c\u00c9 importante destacarmos que esta reforma prejudica a todos n\u00f3s, sem diferencia\u00e7\u00e3o entre ativos e aposentados e neste momento \u00e9 imprescind\u00edvel a conscientiza\u00e7\u00e3o de todos e a uni\u00e3o, pois a guerra ainda continua. Ainda estamos no campo de batalha e precisamos redobrar nossos esfor\u00e7os\u201d, finaliza F\u00e1bio Lu\u00eds.<\/span><\/p>\n<\/div>\n","protected":false},"excerpt":{"rendered":"<p>\u00a0 No \u00faltimo dia 13, o deputado federal Samuel Moreira (PSDB-SP), relator da proposta de emenda \u00e0 Constitui\u00e7\u00e3o (PEC 06\/2019) que trata sobre a reforma da Previd\u00eancia, apresentou \u00e0 Comiss\u00e3o Especial na C\u00e2mara, parecer sobre o texto enviado ao Congresso pelo governo Bolsonaro. \u00a0O relat\u00f3rio apresentado n\u00e3o traz nenhuma altera\u00e7\u00e3o em rela\u00e7\u00e3o a aposentadoria policial, [&hellip;]<\/p>\n","protected":false},"author":3,"featured_media":13180,"comment_status":"closed","ping_status":"closed","sticky":false,"template":"","format":"standard","meta":{"footnotes":""},"categories":[41],"tags":[],"class_list":["post-13179","post","type-post","status-publish","format-standard","has-post-thumbnail","hentry","category-noticias-em-destaque"],"_links":{"self":[{"href":"https:\/\/sinprfsp.org.br\/index.php\/wp-json\/wp\/v2\/posts\/13179","targetHints":{"allow":["GET"]}}],"collection":[{"href":"https:\/\/sinprfsp.org.br\/index.php\/wp-json\/wp\/v2\/posts"}],"about":[{"href":"https:\/\/sinprfsp.org.br\/index.php\/wp-json\/wp\/v2\/types\/post"}],"author":[{"embeddable":true,"href":"https:\/\/sinprfsp.org.br\/index.php\/wp-json\/wp\/v2\/users\/3"}],"replies":[{"embeddable":true,"href":"https:\/\/sinprfsp.org.br\/index.php\/wp-json\/wp\/v2\/comments?post=13179"}],"version-history":[{"count":1,"href":"https:\/\/sinprfsp.org.br\/index.php\/wp-json\/wp\/v2\/posts\/13179\/revisions"}],"predecessor-version":[{"id":13181,"href":"https:\/\/sinprfsp.org.br\/index.php\/wp-json\/wp\/v2\/posts\/13179\/revisions\/13181"}],"wp:featuredmedia":[{"embeddable":true,"href":"https:\/\/sinprfsp.org.br\/index.php\/wp-json\/wp\/v2\/media\/13180"}],"wp:attachment":[{"href":"https:\/\/sinprfsp.org.br\/index.php\/wp-json\/wp\/v2\/media?parent=13179"}],"wp:term":[{"taxonomy":"category","embeddable":true,"href":"https:\/\/sinprfsp.org.br\/index.php\/wp-json\/wp\/v2\/categories?post=13179"},{"taxonomy":"post_tag","embeddable":true,"href":"https:\/\/sinprfsp.org.br\/index.php\/wp-json\/wp\/v2\/tags?post=13179"}],"curies":[{"name":"wp","href":"https:\/\/api.w.org\/{rel}","templated":true}]}}