{"id":13235,"date":"2019-05-13T11:06:37","date_gmt":"2019-05-13T14:06:37","guid":{"rendered":"https:\/\/mjtom.com.br\/site1\/?p=13235"},"modified":"2022-01-07T13:03:22","modified_gmt":"2022-01-07T16:03:22","slug":"sao-paulo-sediara-o-ix-jogos-de-integracao-dos-prfs","status":"publish","type":"post","link":"https:\/\/sinprfsp.org.br\/index.php\/2019\/05\/13\/sao-paulo-sediara-o-ix-jogos-de-integracao-dos-prfs\/","title":{"rendered":"S\u00e3o Paulo sediar\u00e1 o IX Jogos de Integra\u00e7\u00e3o dos PRFs"},"content":{"rendered":"<div class=\"descricao\">\n<p class=\"Pargrafobsico\" style=\"text-align: justify;\"><span style=\"font-size: small;\">\u00a0 \u00a0Prepare-se, entre os dias 20 e 25 de outubro, o Complexo Esportivo Const\u00e2ncio Vaz Guimar\u00e3es \u2013 Ibirapuera, na cidade de S\u00e3o Paulo, ser\u00e1 o palco do IX Jogos de Integra\u00e7\u00e3o dos Policiais Rodovi\u00e1rios Federais \u2013 2019.<\/span><\/p>\n<p class=\"Pargrafobsico\" style=\"text-align: justify;\"><span style=\"font-size: small;\">\u00a0 \u00a0Entre as modalidades que ser\u00e3o disputadas nesta edi\u00e7\u00e3o, os atletas contar\u00e3o com a inclus\u00e3o do Jiu-Jitsu, Kart e o retorno da prova de 1500 metros rasos no atletismo.<\/span><\/p>\n<p class=\"Pargrafobsico\" style=\"text-align: justify;\"><span style=\"font-size: small;\">\u00a0\u00a0<\/span><span style=\"font-size: small;\">J\u00e1 no que diz respeito \u00e0 estrutura, o mais importante parque urbano de S\u00e3o Paulo oferecer\u00e1 aos atletas participantes, ciclovia, 13 quadras iluminadas, pistas de corrida, passeio e descanso, \u00e1reas cobertas para shows, museus e planet\u00e1rios, al\u00e9m de\u00a0 gin\u00e1sio de esportes, Museu do Pres\u00e9pio, Museu da Aeron\u00e1utica e do Folclore, Obelisco, Monumento \u00e0s Bandeiras e o Pavilh\u00e3o Japon\u00eas.<\/span><\/p>\n<p class=\"Pargrafobsico\" style=\"text-align: justify;\"><span style=\"font-size: small;\">\u00a0 N\u00e3o deixe de participar deste grande evento. Em breve divulgaremos informa\u00e7\u00f5es sobre as inscri\u00e7\u00f5es para o IX Jogos de Integra\u00e7\u00e3o dos PRFs.<\/span><\/p>\n<\/div>\n","protected":false},"excerpt":{"rendered":"<p>\u00a0 \u00a0Prepare-se, entre os dias 20 e 25 de outubro, o Complexo Esportivo Const\u00e2ncio Vaz Guimar\u00e3es \u2013 Ibirapuera, na cidade de S\u00e3o Paulo, ser\u00e1 o palco do IX Jogos de Integra\u00e7\u00e3o dos Policiais Rodovi\u00e1rios Federais \u2013 2019. \u00a0 \u00a0Entre as modalidades que ser\u00e3o disputadas nesta edi\u00e7\u00e3o, os atletas contar\u00e3o com a inclus\u00e3o do Jiu-Jitsu, Kart [&hellip;]<\/p>\n","protected":false},"author":3,"featured_media":13236,"comment_status":"closed","ping_status":"closed","sticky":false,"template":"","format":"standard","meta":{"footnotes":""},"categories":[41],"tags":[],"class_list":["post-13235","post","type-post","status-publish","format-standard","has-post-thumbnail","hentry","category-noticias-em-destaque"],"_links":{"self":[{"href":"https:\/\/sinprfsp.org.br\/index.php\/wp-json\/wp\/v2\/posts\/13235","targetHints":{"allow":["GET"]}}],"collection":[{"href":"https:\/\/sinprfsp.org.br\/index.php\/wp-json\/wp\/v2\/posts"}],"about":[{"href":"https:\/\/sinprfsp.org.br\/index.php\/wp-json\/wp\/v2\/types\/post"}],"author":[{"embeddable":true,"href":"https:\/\/sinprfsp.org.br\/index.php\/wp-json\/wp\/v2\/users\/3"}],"replies":[{"embeddable":true,"href":"https:\/\/sinprfsp.org.br\/index.php\/wp-json\/wp\/v2\/comments?post=13235"}],"version-history":[{"count":1,"href":"https:\/\/sinprfsp.org.br\/index.php\/wp-json\/wp\/v2\/posts\/13235\/revisions"}],"predecessor-version":[{"id":13237,"href":"https:\/\/sinprfsp.org.br\/index.php\/wp-json\/wp\/v2\/posts\/13235\/revisions\/13237"}],"wp:featuredmedia":[{"embeddable":true,"href":"https:\/\/sinprfsp.org.br\/index.php\/wp-json\/wp\/v2\/media\/13236"}],"wp:attachment":[{"href":"https:\/\/sinprfsp.org.br\/index.php\/wp-json\/wp\/v2\/media?parent=13235"}],"wp:term":[{"taxonomy":"category","embeddable":true,"href":"https:\/\/sinprfsp.org.br\/index.php\/wp-json\/wp\/v2\/categories?post=13235"},{"taxonomy":"post_tag","embeddable":true,"href":"https:\/\/sinprfsp.org.br\/index.php\/wp-json\/wp\/v2\/tags?post=13235"}],"curies":[{"name":"wp","href":"https:\/\/api.w.org\/{rel}","templated":true}]}}