{"id":13238,"date":"2019-05-13T11:06:40","date_gmt":"2019-05-13T14:06:40","guid":{"rendered":"https:\/\/mjtom.com.br\/site1\/?p=13238"},"modified":"2022-01-07T13:03:22","modified_gmt":"2022-01-07T16:03:22","slug":"sinprf-sp-conclama-sindicalizados-para-grande-manifestacao-em-brasilia","status":"publish","type":"post","link":"https:\/\/sinprfsp.org.br\/index.php\/2019\/05\/13\/sinprf-sp-conclama-sindicalizados-para-grande-manifestacao-em-brasilia\/","title":{"rendered":"SINPRF-SP conclama sindicalizados para grande manifesta\u00e7\u00e3o em Bras\u00edlia"},"content":{"rendered":"<div class=\"descricao\">\n<p class=\"Pargrafobsico\" style=\"text-align: justify;\"><span style=\"font-size: small;\">\u00a0 \u00a0Seguindo calend\u00e1rio nacional, Bras\u00edlia ser\u00e1 o palco de uma grande mobiliza\u00e7\u00e3o contra a PEC 06\/2019 (Reforma da Previd\u00eancia), no pr\u00f3ximo dia 21 de maio.<\/span><\/p>\n<p class=\"Pargrafobsico\" style=\"text-align: justify;\"><span style=\"font-size: small;\">\u00a0 \u00a0A diretoria do SINPRF-SP conclama seus sindicalizados e familiares para participarem desta grande mobiliza\u00e7\u00e3o em defesa da categoria.<\/span><\/p>\n<p class=\"Pargrafobsico\" style=\"text-align: justify;\"><span style=\"font-size: small;\">\u00a0 \u00a0O presidente do SINPRF-SP, F\u00e1bio Lu\u00eds de Almeida, explica que o deslocamento e alimenta\u00e7\u00e3o ser\u00e3o custeados pelo sindicato e FenaPRF, e que a participa\u00e7\u00e3o de todos \u00e9 fundamental para que a categoria possa obter \u00eaxito nesta luta. \u201cNeste momento precisamos mais do que nunca estarmos unidos e focados na defesa de nossos direitos e de nossas fam\u00edlias. Esta proposta de reforma atinge toda a nossa categoria sem distin\u00e7\u00e3o\u201d, explicou.<\/span><\/p>\n<p class=\"Pargrafobsico\" style=\"text-align: justify;\"><span style=\"font-size: small;\">\u00a0 \u00a0O SINPRF-SP disponibilizar\u00e1 um \u00f4nibus com sa\u00edda prevista da cidade de S\u00e3o Paulo, mas que dependendo da participa\u00e7\u00e3o dos sindicalizados, poder\u00e1 contar com outros pontos de partida.<\/span><\/p>\n<p class=\"Pargrafobsico\" style=\"text-align: justify;\"><span style=\"font-size: small;\">\u00a0 \u00a0Objetivando uma melhor organiza\u00e7\u00e3o, a diretoria do SINPRF-SP solicita aos seus sindicalizados que respondam a um question\u00e1rio, disponibilizado no link: <\/span><a style=\"font-size: small;\" href=\"https:\/\/docs.google.com\/forms\/d\/1_T5lzQVru4AQgZRfAwndHU76N7BTNmHm5XAjVlvQodg\/edit\">https:\/\/docs.google.com\/forms\/d\/1_T5lzQVru4AQgZRfAwndHU76N7BTNmHm5XAjVlvQodg\/edit<\/a><\/p>\n<p class=\"Pargrafobsico\" style=\"text-align: justify;\"><strong style=\"font-size: small;\">\u00a0 \u00a0Confira a programa\u00e7\u00e3o:<\/strong><\/p>\n<p class=\"Pargrafobsico\" style=\"text-align: justify;\"><span style=\"font-size: small;\">Dia 20 (20h) &#8211; Sa\u00edda de S\u00e3o Paulo.<\/span><\/p>\n<p class=\"Pargrafobsico\" style=\"text-align: justify;\"><span style=\"font-size: small;\">Dia 21 (11h) &#8211; Prevista Chegada em Bras\u00edlia e concentra\u00e7\u00e3o.<\/span><\/p>\n<p class=\"Pargrafobsico\" style=\"text-align: justify;\"><span style=\"font-size: small;\">(13h) &#8211; Manifesta\u00e7\u00e3o em frente ao Minist\u00e9rio da Justi\u00e7a<\/span><\/p>\n<p class=\"Pargrafobsico\" style=\"text-align: justify;\"><span style=\"font-size: small;\">(14h) &#8211; Manifesta\u00e7\u00e3o em frente ao Congresso Nacional<\/span><\/p>\n<p class=\"Pargrafobsico\" style=\"text-align: justify;\"><span style=\"font-size: small;\">(16h) &#8211; Manifesta\u00e7\u00e3o em frente ao Pal\u00e1cio do Planalto<\/span><\/p>\n<p class=\"Pargrafobsico\" style=\"text-align: justify;\"><span style=\"font-size: small;\">(18h) \u2013 Finaliza\u00e7\u00e3o.<\/span><\/p>\n<p class=\"Pargrafobsico\" style=\"text-align: justify;\"><span style=\"font-size: small;\">\u00a0 \u00a0\u00a0<\/span><span style=\"font-size: small;\">A mobiliza\u00e7\u00e3o contar\u00e1 com trio el\u00e9trico, banheiro qu\u00edmico e barraca de apoio.<\/span><\/p>\n<\/div>\n","protected":false},"excerpt":{"rendered":"<p>\u00a0 \u00a0Seguindo calend\u00e1rio nacional, Bras\u00edlia ser\u00e1 o palco de uma grande mobiliza\u00e7\u00e3o contra a PEC 06\/2019 (Reforma da Previd\u00eancia), no pr\u00f3ximo dia 21 de maio. \u00a0 \u00a0A diretoria do SINPRF-SP conclama seus sindicalizados e familiares para participarem desta grande mobiliza\u00e7\u00e3o em defesa da categoria. \u00a0 \u00a0O presidente do SINPRF-SP, F\u00e1bio Lu\u00eds de Almeida, explica que [&hellip;]<\/p>\n","protected":false},"author":3,"featured_media":13239,"comment_status":"closed","ping_status":"closed","sticky":false,"template":"","format":"standard","meta":{"footnotes":""},"categories":[41],"tags":[],"class_list":["post-13238","post","type-post","status-publish","format-standard","has-post-thumbnail","hentry","category-noticias-em-destaque"],"_links":{"self":[{"href":"https:\/\/sinprfsp.org.br\/index.php\/wp-json\/wp\/v2\/posts\/13238","targetHints":{"allow":["GET"]}}],"collection":[{"href":"https:\/\/sinprfsp.org.br\/index.php\/wp-json\/wp\/v2\/posts"}],"about":[{"href":"https:\/\/sinprfsp.org.br\/index.php\/wp-json\/wp\/v2\/types\/post"}],"author":[{"embeddable":true,"href":"https:\/\/sinprfsp.org.br\/index.php\/wp-json\/wp\/v2\/users\/3"}],"replies":[{"embeddable":true,"href":"https:\/\/sinprfsp.org.br\/index.php\/wp-json\/wp\/v2\/comments?post=13238"}],"version-history":[{"count":1,"href":"https:\/\/sinprfsp.org.br\/index.php\/wp-json\/wp\/v2\/posts\/13238\/revisions"}],"predecessor-version":[{"id":13240,"href":"https:\/\/sinprfsp.org.br\/index.php\/wp-json\/wp\/v2\/posts\/13238\/revisions\/13240"}],"wp:featuredmedia":[{"embeddable":true,"href":"https:\/\/sinprfsp.org.br\/index.php\/wp-json\/wp\/v2\/media\/13239"}],"wp:attachment":[{"href":"https:\/\/sinprfsp.org.br\/index.php\/wp-json\/wp\/v2\/media?parent=13238"}],"wp:term":[{"taxonomy":"category","embeddable":true,"href":"https:\/\/sinprfsp.org.br\/index.php\/wp-json\/wp\/v2\/categories?post=13238"},{"taxonomy":"post_tag","embeddable":true,"href":"https:\/\/sinprfsp.org.br\/index.php\/wp-json\/wp\/v2\/tags?post=13238"}],"curies":[{"name":"wp","href":"https:\/\/api.w.org\/{rel}","templated":true}]}}