{"id":13273,"date":"2019-04-17T11:08:29","date_gmt":"2019-04-17T14:08:29","guid":{"rendered":"https:\/\/mjtom.com.br\/site1\/?p=13273"},"modified":"2022-01-07T13:03:22","modified_gmt":"2022-01-07T16:03:22","slug":"presidente-do-sinprf-sp-se-reune-com-comissao-de-excedentes-da-prf","status":"publish","type":"post","link":"https:\/\/sinprfsp.org.br\/index.php\/2019\/04\/17\/presidente-do-sinprf-sp-se-reune-com-comissao-de-excedentes-da-prf\/","title":{"rendered":"Presidente do SINPRF-SP se re\u00fane com Comiss\u00e3o de Excedentes da PRF"},"content":{"rendered":"<div class=\"descricao\">\n<p><span style=\"font-size: small;\">\u00a0 \u00a0O presidente do SINPRF-SP, F\u00e1bio Lu\u00eds de Almeida e o Superintendente Substituto, PRF Inspetor Luciano Fernandes se reuniram nesta ter\u00e7a-feira (16), com a Comiss\u00e3o dos excedentes do \u00faltimo concurso da PRF.<\/span><\/p>\n<p><span style=\"font-size: small;\">\u00a0 \u00a0Na reuni\u00e3o os participantes planejaram a\u00e7\u00f5es conjuntas com o objetivo de aumentar o n\u00famero de nomea\u00e7\u00f5es de novos PRFs deste mesmo concurso, de 500 para 1500 vagas. \u201cA comiss\u00e3o est\u00e1 buscando apoio pol\u00edtico. A falta de efetivo \u00e9 um dos grandes problemas de nossa institui\u00e7\u00e3o que afeta diretamente nossos policiais\u201d, explicou F\u00e1bio Lu\u00eds.<\/span><\/p>\n<p style=\"text-align: justify;\">\u00a0<\/p>\n<\/div>\n","protected":false},"excerpt":{"rendered":"<p>\u00a0 \u00a0O presidente do SINPRF-SP, F\u00e1bio Lu\u00eds de Almeida e o Superintendente Substituto, PRF Inspetor Luciano Fernandes se reuniram nesta ter\u00e7a-feira (16), com a Comiss\u00e3o dos excedentes do \u00faltimo concurso da PRF. \u00a0 \u00a0Na reuni\u00e3o os participantes planejaram a\u00e7\u00f5es conjuntas com o objetivo de aumentar o n\u00famero de nomea\u00e7\u00f5es de novos PRFs deste mesmo concurso, [&hellip;]<\/p>\n","protected":false},"author":3,"featured_media":13274,"comment_status":"closed","ping_status":"closed","sticky":false,"template":"","format":"standard","meta":{"footnotes":""},"categories":[41],"tags":[],"class_list":["post-13273","post","type-post","status-publish","format-standard","has-post-thumbnail","hentry","category-noticias-em-destaque"],"_links":{"self":[{"href":"https:\/\/sinprfsp.org.br\/index.php\/wp-json\/wp\/v2\/posts\/13273","targetHints":{"allow":["GET"]}}],"collection":[{"href":"https:\/\/sinprfsp.org.br\/index.php\/wp-json\/wp\/v2\/posts"}],"about":[{"href":"https:\/\/sinprfsp.org.br\/index.php\/wp-json\/wp\/v2\/types\/post"}],"author":[{"embeddable":true,"href":"https:\/\/sinprfsp.org.br\/index.php\/wp-json\/wp\/v2\/users\/3"}],"replies":[{"embeddable":true,"href":"https:\/\/sinprfsp.org.br\/index.php\/wp-json\/wp\/v2\/comments?post=13273"}],"version-history":[{"count":1,"href":"https:\/\/sinprfsp.org.br\/index.php\/wp-json\/wp\/v2\/posts\/13273\/revisions"}],"predecessor-version":[{"id":13275,"href":"https:\/\/sinprfsp.org.br\/index.php\/wp-json\/wp\/v2\/posts\/13273\/revisions\/13275"}],"wp:featuredmedia":[{"embeddable":true,"href":"https:\/\/sinprfsp.org.br\/index.php\/wp-json\/wp\/v2\/media\/13274"}],"wp:attachment":[{"href":"https:\/\/sinprfsp.org.br\/index.php\/wp-json\/wp\/v2\/media?parent=13273"}],"wp:term":[{"taxonomy":"category","embeddable":true,"href":"https:\/\/sinprfsp.org.br\/index.php\/wp-json\/wp\/v2\/categories?post=13273"},{"taxonomy":"post_tag","embeddable":true,"href":"https:\/\/sinprfsp.org.br\/index.php\/wp-json\/wp\/v2\/tags?post=13273"}],"curies":[{"name":"wp","href":"https:\/\/api.w.org\/{rel}","templated":true}]}}