{"id":13276,"date":"2019-04-16T11:08:32","date_gmt":"2019-04-16T14:08:32","guid":{"rendered":"https:\/\/mjtom.com.br\/site1\/?p=13276"},"modified":"2022-01-07T13:03:22","modified_gmt":"2022-01-07T16:03:22","slug":"fenaprf-realizara-live-sobre-a-reforma-da-previdencia","status":"publish","type":"post","link":"https:\/\/sinprfsp.org.br\/index.php\/2019\/04\/16\/fenaprf-realizara-live-sobre-a-reforma-da-previdencia\/","title":{"rendered":"FenaPRF realizar\u00e1 Live sobre a Reforma da Previd\u00eancia"},"content":{"rendered":"<div class=\"descricao\">\n<p style=\"text-align: justify;\"><span style=\"font-size: small;\">\u00a0 \u00a0Hoje, dia 16 de abril, a Federa\u00e7\u00e3o Nacional dos Policiais Rodovi\u00e1rios Federais (FenaPRF) exibir\u00e1 em sua p\u00e1gina no Facebook uma Live sobre a Reforma da previd\u00eancia (PEC 06\/2019) e os trabalhos que v\u00eam sendo desempenhados pela comiss\u00e3o formada pelo sistema sindical da PRF, na luta pela manuten\u00e7\u00e3o dos direitos previdenci\u00e1rios dos PRFs, aposentados e pensionistas.<\/span><\/p>\n<p style=\"text-align: justify;\"><span style=\"font-size: small;\">\u00a0 Na ocasi\u00e3o ser\u00e1 feita uma an\u00e1lise dos cen\u00e1rios e implica\u00e7\u00f5es trazidos pela \u201cnova previd\u00eancia\u201d, voltado a todos os policiais, em especial, os PRFs e seus familiares.<\/span><\/p>\n<p style=\"text-align: justify;\"><span style=\"font-size: small;\">\u00a0 N\u00e3o deixem de assistir e enviar suas d\u00favidas por meio da p\u00e1gina da FenaPRF, pois as mesmas ser\u00e3o respondidas ao vivo.<\/span><\/p>\n<p style=\"text-align: justify;\"><span style=\"font-size: small;\">\u00a0 Vamos nos unir, pois Juntos Somos Mais Fortes.<\/span><\/p>\n<p style=\"text-align: justify;\"><span style=\"font-size: small;\">\u00a0<\/span><\/p>\n<p style=\"text-align: justify;\"><span style=\"font-size: small;\">N\u00e3o esque\u00e7am nosso compromisso:<\/span><\/p>\n<p style=\"text-align: justify;\"><span style=\"font-size: small;\">Hoje, 16 de abril (ter\u00e7a-feira)<\/span><\/p>\n<p style=\"text-align: justify;\"><span style=\"font-size: small;\">Hor\u00e1rio: a partir das 19h00<\/span><\/p>\n<p style=\"text-align: justify;\"><span style=\"font-size: small;\">Acessem: <a href=\"https:\/\/www.facebook.com\/fenaprf\/\">https:\/\/www.facebook.com\/fenaprf\/<\/a><\/span><\/p>\n<\/div>\n","protected":false},"excerpt":{"rendered":"<p>\u00a0 \u00a0Hoje, dia 16 de abril, a Federa\u00e7\u00e3o Nacional dos Policiais Rodovi\u00e1rios Federais (FenaPRF) exibir\u00e1 em sua p\u00e1gina no Facebook uma Live sobre a Reforma da previd\u00eancia (PEC 06\/2019) e os trabalhos que v\u00eam sendo desempenhados pela comiss\u00e3o formada pelo sistema sindical da PRF, na luta pela manuten\u00e7\u00e3o dos direitos previdenci\u00e1rios dos PRFs, aposentados e [&hellip;]<\/p>\n","protected":false},"author":3,"featured_media":13277,"comment_status":"closed","ping_status":"closed","sticky":false,"template":"","format":"standard","meta":{"footnotes":""},"categories":[41],"tags":[],"class_list":["post-13276","post","type-post","status-publish","format-standard","has-post-thumbnail","hentry","category-noticias-em-destaque"],"_links":{"self":[{"href":"https:\/\/sinprfsp.org.br\/index.php\/wp-json\/wp\/v2\/posts\/13276","targetHints":{"allow":["GET"]}}],"collection":[{"href":"https:\/\/sinprfsp.org.br\/index.php\/wp-json\/wp\/v2\/posts"}],"about":[{"href":"https:\/\/sinprfsp.org.br\/index.php\/wp-json\/wp\/v2\/types\/post"}],"author":[{"embeddable":true,"href":"https:\/\/sinprfsp.org.br\/index.php\/wp-json\/wp\/v2\/users\/3"}],"replies":[{"embeddable":true,"href":"https:\/\/sinprfsp.org.br\/index.php\/wp-json\/wp\/v2\/comments?post=13276"}],"version-history":[{"count":1,"href":"https:\/\/sinprfsp.org.br\/index.php\/wp-json\/wp\/v2\/posts\/13276\/revisions"}],"predecessor-version":[{"id":13278,"href":"https:\/\/sinprfsp.org.br\/index.php\/wp-json\/wp\/v2\/posts\/13276\/revisions\/13278"}],"wp:featuredmedia":[{"embeddable":true,"href":"https:\/\/sinprfsp.org.br\/index.php\/wp-json\/wp\/v2\/media\/13277"}],"wp:attachment":[{"href":"https:\/\/sinprfsp.org.br\/index.php\/wp-json\/wp\/v2\/media?parent=13276"}],"wp:term":[{"taxonomy":"category","embeddable":true,"href":"https:\/\/sinprfsp.org.br\/index.php\/wp-json\/wp\/v2\/categories?post=13276"},{"taxonomy":"post_tag","embeddable":true,"href":"https:\/\/sinprfsp.org.br\/index.php\/wp-json\/wp\/v2\/tags?post=13276"}],"curies":[{"name":"wp","href":"https:\/\/api.w.org\/{rel}","templated":true}]}}