{"id":13290,"date":"2019-04-14T11:09:54","date_gmt":"2019-04-14T14:09:54","guid":{"rendered":"https:\/\/mjtom.com.br\/site1\/?p=13290"},"modified":"2022-01-07T13:03:22","modified_gmt":"2022-01-07T16:03:22","slug":"isencao-de-imposto-de-renda-por-doenca-grave-sem-prazo","status":"publish","type":"post","link":"https:\/\/sinprfsp.org.br\/index.php\/2019\/04\/14\/isencao-de-imposto-de-renda-por-doenca-grave-sem-prazo\/","title":{"rendered":"Isen\u00e7\u00e3o de Imposto de Renda por doen\u00e7a grave sem prazo"},"content":{"rendered":"<div class=\"descricao\">\n<p style=\"text-align: justify;\"><span style=\"font-size: small;\">Seguidas vit\u00f3rias judiciais de servidores em tribunais superiores motivaram o Governo a modificar a metodologia da Isen\u00e7\u00e3o do IR nos casos de doen\u00e7as graves. Desde junho do ano passado os laudos m\u00e9dicos periciais que diagnosticam doen\u00e7as tipificadas em Lei para fins de Isen\u00e7\u00e3o de Imposto de Renda n\u00e3o precisam ser mais renovados periodicamente. O novo procedimento foi determinado pela Nota T\u00e9cnica n\u00ba 4907\/2018 do Minist\u00e9rio do Planejamento e j\u00e1 vem sendo aplicado pela PRF.<\/span><\/p>\n<p style=\"text-align: justify;\"><span style=\"font-size: small;\">Na metodologia anterior a isen\u00e7\u00e3o era lan\u00e7ada com a data de validade do laudo (geralmente 5 anos) e ao final do prazo o servidor tinha que se submeter a nova per\u00edcia. Caso n\u00e3o refizesse a per\u00edcia ou n\u00e3o houvessem sinais de doen\u00e7a ativa no momento, a isen\u00e7\u00e3o era retirada e o servidor aposentado voltava a pagar IR. Na reda\u00e7\u00e3o da citada NT <em>\u201cn\u00e3o h\u00e1 necessidade de comprova\u00e7\u00e3o da manuten\u00e7\u00e3o dos sintomas ou recidiva da enfermidade, nem a indica\u00e7\u00e3o de validade do laudo pericial para aqueles portadores\u201d.<\/em><\/span><\/p>\n<p style=\"text-align: justify;\"><span style=\"font-size: small;\">A nova metodologia se aplica a novas e antigas isen\u00e7\u00f5es, inclusive aproveitando a colegas que j\u00e1 tenham tido a isen\u00e7\u00e3o retirada por decurso do prazo de validade do laudo ou por per\u00edcia que n\u00e3o identificou mol\u00e9stia ativa. Para isso o servidor aposentado deve fazer a solicita\u00e7\u00e3o da reativa\u00e7\u00e3o da isen\u00e7\u00e3o ao RH.<\/span><\/p>\n<p style=\"text-align: justify;\"><span style=\"font-size: small;\">D\u00e3o direito \u00e0 isen\u00e7\u00e3o as doen\u00e7as prevista na Instru\u00e7\u00e3o Normativa n\u00ba 1756\/2017 da Receita Federal (tuberculose, aliena\u00e7\u00e3o mental, esclerose m\u00faltipla, neoplasia maligna, cegueira monocular e binocular, hansen\u00edase, paralisia, cardiopatia grave, doen\u00e7a de Parkinson, espondiloartrose anquilosante, nefropatia grave, hepatopatia grave, estados avan\u00e7ados de doen\u00e7a de Paget, contamina\u00e7\u00e3o por radia\u00e7\u00e3o, Aids, e fibrose c\u00edstica), bem como mol\u00e9stias profissionais ou motivadas por acidentes em servi\u00e7o.<\/span><\/p>\n<p style=\"text-align: justify;\"><span style=\"font-size: small;\">A mudan\u00e7a da norma mostra a necessidade de nos mantermos atentos e diligentes na defesa de nossos direitos, e que, apesar do momento pol\u00edtico conturbado pela amea\u00e7a das reformas, podemos avan\u00e7ar nas conquistas, seja no \u00e2mbito administrativo (propondo o aperfei\u00e7oamento da normatiza\u00e7\u00e3o), seja no \u00e2mbito judicial (recha\u00e7ando tentativas de reduzir direitos j\u00e1 conquistados).<\/span><\/p>\n<p style=\"text-align: justify;\"><span style=\"font-size: small;\">O SINPRF-SP continua fazendo seu trabalho di\u00e1rio de auxiliar os colegas que sentirem dificuldade na elabora\u00e7\u00e3o de solicita\u00e7\u00f5es, requerimentos e recursos \u00e0 Administra\u00e7\u00e3o, ajudando a garantir que seus direitos sejam respeitados.<\/span><\/p>\n<p style=\"text-align: justify;\"><span style=\"font-size: medium;\">\u00a0<\/span><\/p>\n<p style=\"text-align: justify;\"><span style=\"font-size: medium;\">\u00a0<\/span><\/p>\n<\/div>\n","protected":false},"excerpt":{"rendered":"<p>Seguidas vit\u00f3rias judiciais de servidores em tribunais superiores motivaram o Governo a modificar a metodologia da Isen\u00e7\u00e3o do IR nos casos de doen\u00e7as graves. Desde junho do ano passado os laudos m\u00e9dicos periciais que diagnosticam doen\u00e7as tipificadas em Lei para fins de Isen\u00e7\u00e3o de Imposto de Renda n\u00e3o precisam ser mais renovados periodicamente. O novo [&hellip;]<\/p>\n","protected":false},"author":3,"featured_media":13291,"comment_status":"closed","ping_status":"closed","sticky":false,"template":"","format":"standard","meta":{"footnotes":""},"categories":[41],"tags":[],"class_list":["post-13290","post","type-post","status-publish","format-standard","has-post-thumbnail","hentry","category-noticias-em-destaque"],"_links":{"self":[{"href":"https:\/\/sinprfsp.org.br\/index.php\/wp-json\/wp\/v2\/posts\/13290","targetHints":{"allow":["GET"]}}],"collection":[{"href":"https:\/\/sinprfsp.org.br\/index.php\/wp-json\/wp\/v2\/posts"}],"about":[{"href":"https:\/\/sinprfsp.org.br\/index.php\/wp-json\/wp\/v2\/types\/post"}],"author":[{"embeddable":true,"href":"https:\/\/sinprfsp.org.br\/index.php\/wp-json\/wp\/v2\/users\/3"}],"replies":[{"embeddable":true,"href":"https:\/\/sinprfsp.org.br\/index.php\/wp-json\/wp\/v2\/comments?post=13290"}],"version-history":[{"count":1,"href":"https:\/\/sinprfsp.org.br\/index.php\/wp-json\/wp\/v2\/posts\/13290\/revisions"}],"predecessor-version":[{"id":13292,"href":"https:\/\/sinprfsp.org.br\/index.php\/wp-json\/wp\/v2\/posts\/13290\/revisions\/13292"}],"wp:featuredmedia":[{"embeddable":true,"href":"https:\/\/sinprfsp.org.br\/index.php\/wp-json\/wp\/v2\/media\/13291"}],"wp:attachment":[{"href":"https:\/\/sinprfsp.org.br\/index.php\/wp-json\/wp\/v2\/media?parent=13290"}],"wp:term":[{"taxonomy":"category","embeddable":true,"href":"https:\/\/sinprfsp.org.br\/index.php\/wp-json\/wp\/v2\/categories?post=13290"},{"taxonomy":"post_tag","embeddable":true,"href":"https:\/\/sinprfsp.org.br\/index.php\/wp-json\/wp\/v2\/tags?post=13290"}],"curies":[{"name":"wp","href":"https:\/\/api.w.org\/{rel}","templated":true}]}}