{"id":13293,"date":"2019-04-14T11:09:57","date_gmt":"2019-04-14T14:09:57","guid":{"rendered":"https:\/\/mjtom.com.br\/site1\/?p=13293"},"modified":"2022-01-07T13:03:22","modified_gmt":"2022-01-07T16:03:22","slug":"revisao-do-plano-estrategico-da-prf","status":"publish","type":"post","link":"https:\/\/sinprfsp.org.br\/index.php\/2019\/04\/14\/revisao-do-plano-estrategico-da-prf\/","title":{"rendered":"Revis\u00e3o do Plano Estrat\u00e9gico da PRF"},"content":{"rendered":"<div class=\"descricao\">\n<p style=\"text-align: justify;\"><span style=\"font-family: arial, helvetica, sans-serif; font-size: medium;\">A Coordena\u00e7\u00e3o de Comunica\u00e7\u00e3o Social da PRF est\u00e1 mantendo aberto at\u00e9 dia 21\/04\/2019 uma pesquisa virtual sobre a revis\u00e3o do Plano Estrat\u00e9gico da institui\u00e7\u00e3o para os pr\u00f3ximos 8 anos (2020 a 2028).\u00a0<\/span><span style=\"font-family: arial, helvetica, sans-serif; font-size: medium;\">No question\u00e1rio os servidores s\u00e3o chamados a opinar sobre onde a PRF deveria investir prioritariamente seus esfor\u00e7os e recursos, sobre principais dificuldades, e \u00e1reas de atua\u00e7\u00e3o da PRF. S\u00e3o temas pol\u00eamicos e que sempre dividem o efetivo.<\/span><\/p>\n<p style=\"text-align: justify;\"><span style=\"font-family: arial, helvetica, sans-serif; font-size: medium;\">O link para a pesquisa \u00e9\u00a0 \u00a0\u00a0<strong><span style=\"color: #0186ba; font-size: large;\"><a href=\"https:\/\/forms.gle\/3vzoLWX4x27EnxKQ9\" target=\"_blank\" rel=\"noopener\">https:\/\/forms.gle\/3vzoLWX4x27EnxKQ9<\/a><\/span><\/strong><\/span><\/p>\n<p style=\"text-align: justify;\"><span style=\"font-family: arial, helvetica, sans-serif; font-size: medium;\">At\u00e9 hoje (14\/04), o DPRF registra 1.468 respostas (das quais apenas 54 s\u00e3o de SP).\u00a0<\/span><span style=\"font-family: arial, helvetica, sans-serif; font-size: medium;\">A pesquisa tamb\u00e9m divulga resultados parciais:<\/span><\/p>\n<p style=\"padding-left: 90px;\"><span style=\"font-family: arial, helvetica, sans-serif; font-size: medium;\">Os tr\u00eas valores com mais votos s\u00e3o: Profissionalismo, Honestidade e \u00c9tica;<\/span><br \/><span style=\"font-family: arial, helvetica, sans-serif; font-size: medium;\">Onde a PRF deve investir esfor\u00e7os: Capacita\u00e7\u00e3o do efetivo, Distribui\u00e7\u00e3o adequada do efetivo, e no uso da Informa\u00e7\u00e3o para orientar suas a\u00e7\u00f5es;<\/span><br \/><span style=\"font-family: arial, helvetica, sans-serif; font-size: medium;\">Servi\u00e7os priorit\u00e1rios: Fiscaliza\u00e7\u00e3o de Ve\u00edculos e Pessoas, Combate ao tr\u00e1fico de drogas, e Fiscaliza\u00e7\u00e3o em pontos cr\u00edticos de acidentes;<\/span><br \/><span style=\"font-family: arial, helvetica, sans-serif; font-size: medium;\">Principais inimigos da PRF: Falta de concursos, Redu\u00e7\u00e3o de or\u00e7amento, e Inger\u00eancia pol\u00edtica;<\/span><br \/><span style=\"font-family: arial, helvetica, sans-serif; font-size: medium;\">Sobre se a PRF deveria atuar em outras \u00e1reas al\u00e9m das rodovias federais: 60,6% s\u00e3o favor\u00e1veis.<\/span><\/p>\n<p style=\"text-align: justify;\"><span style=\"font-family: arial, helvetica, sans-serif; font-size: medium;\">Os resultados mostram a preocupa\u00e7\u00e3o dos servidores com o quantitativo do efetivo e sua racional distribui\u00e7\u00e3o e tamb\u00e9m mostra um equil\u00edbrio e coexist\u00eancia entre o desejo de continuarmos realizando com excel\u00eancia nossa miss\u00e3o hist\u00f3rica de pol\u00edcia rodovi\u00e1ria com a necessidade de atuarmos tamb\u00e9m al\u00e9m destes limites.<\/span><\/p>\n<p style=\"text-align: justify;\"><span style=\"font-family: arial, helvetica, sans-serif; font-size: medium;\">O SINPRF-SP \u00e9 favor\u00e1vel a todas as formas de ouvir o efetivo, aperfei\u00e7oando modelos de participa\u00e7\u00e3o e consultas internas que estimulam a gest\u00e3o mais clara e democr\u00e1tica.<\/span><\/p>\n<\/div>\n","protected":false},"excerpt":{"rendered":"<p>A Coordena\u00e7\u00e3o de Comunica\u00e7\u00e3o Social da PRF est\u00e1 mantendo aberto at\u00e9 dia 21\/04\/2019 uma pesquisa virtual sobre a revis\u00e3o do Plano Estrat\u00e9gico da institui\u00e7\u00e3o para os pr\u00f3ximos 8 anos (2020 a 2028).\u00a0No question\u00e1rio os servidores s\u00e3o chamados a opinar sobre onde a PRF deveria investir prioritariamente seus esfor\u00e7os e recursos, sobre principais dificuldades, e \u00e1reas [&hellip;]<\/p>\n","protected":false},"author":3,"featured_media":13294,"comment_status":"closed","ping_status":"closed","sticky":false,"template":"","format":"standard","meta":{"footnotes":""},"categories":[41],"tags":[],"class_list":["post-13293","post","type-post","status-publish","format-standard","has-post-thumbnail","hentry","category-noticias-em-destaque"],"_links":{"self":[{"href":"https:\/\/sinprfsp.org.br\/index.php\/wp-json\/wp\/v2\/posts\/13293","targetHints":{"allow":["GET"]}}],"collection":[{"href":"https:\/\/sinprfsp.org.br\/index.php\/wp-json\/wp\/v2\/posts"}],"about":[{"href":"https:\/\/sinprfsp.org.br\/index.php\/wp-json\/wp\/v2\/types\/post"}],"author":[{"embeddable":true,"href":"https:\/\/sinprfsp.org.br\/index.php\/wp-json\/wp\/v2\/users\/3"}],"replies":[{"embeddable":true,"href":"https:\/\/sinprfsp.org.br\/index.php\/wp-json\/wp\/v2\/comments?post=13293"}],"version-history":[{"count":1,"href":"https:\/\/sinprfsp.org.br\/index.php\/wp-json\/wp\/v2\/posts\/13293\/revisions"}],"predecessor-version":[{"id":13295,"href":"https:\/\/sinprfsp.org.br\/index.php\/wp-json\/wp\/v2\/posts\/13293\/revisions\/13295"}],"wp:featuredmedia":[{"embeddable":true,"href":"https:\/\/sinprfsp.org.br\/index.php\/wp-json\/wp\/v2\/media\/13294"}],"wp:attachment":[{"href":"https:\/\/sinprfsp.org.br\/index.php\/wp-json\/wp\/v2\/media?parent=13293"}],"wp:term":[{"taxonomy":"category","embeddable":true,"href":"https:\/\/sinprfsp.org.br\/index.php\/wp-json\/wp\/v2\/categories?post=13293"},{"taxonomy":"post_tag","embeddable":true,"href":"https:\/\/sinprfsp.org.br\/index.php\/wp-json\/wp\/v2\/tags?post=13293"}],"curies":[{"name":"wp","href":"https:\/\/api.w.org\/{rel}","templated":true}]}}