{"id":13303,"date":"2019-04-09T11:10:09","date_gmt":"2019-04-09T14:10:09","guid":{"rendered":"https:\/\/mjtom.com.br\/site1\/?p=13303"},"modified":"2022-01-07T13:03:22","modified_gmt":"2022-01-07T16:03:22","slug":"representantes-da-upb-sp-se-reunem-para-discutir-a-reforma-previdenciaria","status":"publish","type":"post","link":"https:\/\/sinprfsp.org.br\/index.php\/2019\/04\/09\/representantes-da-upb-sp-se-reunem-para-discutir-a-reforma-previdenciaria\/","title":{"rendered":"Representantes da UPB-SP se re\u00fanem para discutir a Reforma Previdenci\u00e1ria"},"content":{"rendered":"<div class=\"descricao\">\n<p style=\"text-align: justify;\"><span style=\"font-size: small;\">\u00a0 \u00a0Diante das altera\u00e7\u00f5es propostas pela Reforma da Previd\u00eancia (PEC 6\/2019), que afetam diretamente os direitos previdenci\u00e1rios dos profissionais da seguran\u00e7a p\u00fablica, desvalorizando e promovendo grandes perdas para todas as categorias, integrantes da Uni\u00e3o dos Policiais do Brasil no estado de S\u00e3o Paulo (UPB-SP) reuniram-se nesta segunda-feira (8), na sede do Departamento Nacional de Infraestrutura de Transportes (DNIT), no bairro Vila Maria, na cidade de S\u00e3o Paulo.<\/span><\/p>\n<p style=\"text-align: justify;\"><span style=\"font-size: small;\">\u00a0 \u00a0A reuni\u00e3o que deu continuidade as\u00a0discuss\u00f5es que tiveram in\u00edcio na \u00faltima sexta-feira (05), em reuni\u00e3o realizada na sede do SINDPOLF-SP, contou com a presen\u00e7a do presidente do SINDPOLF-SP, Alexandre Santana Sally; do presidente do SINPRF-SP, F\u00e1bio Lu\u00eds de Almeida; do delegado representante do SINPRF-SP, Kleber Gomes de Fran\u00e7a; do diretor parlamentar do SINPRF-SP, Ricardo Luiz da Silva Gomes; do diretor Regional da Associa\u00e7\u00e3o Nacional dos Peritos Criminais Federais no Estado de S\u00e3o Paulo (APCF), Mc Donald Parris Junior; representando a Associa\u00e7\u00e3o dos Delegados de Pol\u00edcia Federal (ADPF), o delegado de Pol\u00edcia Federal Wagner Santana da Veiga; representando a Comiss\u00e3o P\u00f3s-2013, o escriv\u00e3o de Pol\u00edcia Federal, Antonio Gilberto de Alencar,\u00a0 al\u00e9m Policias Rodovi\u00e1rios Federais lotados na Superintend\u00eancia da PRF em S\u00e3o Paulo.<\/span><\/p>\n<p style=\"text-align: justify;\"><span style=\"font-size: small;\">\u00a0 \u00a0Durante o encontro, o presidente do SINPRF-SP, F\u00e1bio Lu\u00eds de Almeida, fez um breve hist\u00f3rico sobre a quest\u00e3o previdenci\u00e1ria dos policiais e a atual situa\u00e7\u00e3o. Todos os presentes foram un\u00e2nimes em mencionar a import\u00e2ncia do engajamento de todas as categorias policiais contra as altera\u00e7\u00f5es propostas pela PEC 6\/2019 que afetam diretamente os direitos previdenci\u00e1rios de todos os profissionais de seguran\u00e7a p\u00fablica, al\u00e9m de promover grandes perdas. <\/span><\/p>\n<p style=\"text-align: justify;\"><span style=\"font-size: small;\">\u00a0 \u00a0Na ocasi\u00e3o os representantes abordaram as estrat\u00e9gias de conscientiza\u00e7\u00e3o sobre os danos da atual proposta que dever\u00e3o ser trabalhadas junto aos parlamentares estaduais e federais que representam o Estado.<\/span><\/p>\n<p style=\"text-align: justify;\"><span style=\"font-size: small;\">\u00a0 \u00a0<\/span><\/p>\n<p style=\"text-align: justify;\"><span style=\"font-size: small;\">\u00a0 \u00a0Fonte: Assessoria SINDPOLF-SP<\/span><\/p>\n<p style=\"text-align: justify;\">\u00a0<\/p>\n<\/div>\n","protected":false},"excerpt":{"rendered":"<p>\u00a0 \u00a0Diante das altera\u00e7\u00f5es propostas pela Reforma da Previd\u00eancia (PEC 6\/2019), que afetam diretamente os direitos previdenci\u00e1rios dos profissionais da seguran\u00e7a p\u00fablica, desvalorizando e promovendo grandes perdas para todas as categorias, integrantes da Uni\u00e3o dos Policiais do Brasil no estado de S\u00e3o Paulo (UPB-SP) reuniram-se nesta segunda-feira (8), na sede do Departamento Nacional de Infraestrutura [&hellip;]<\/p>\n","protected":false},"author":3,"featured_media":13304,"comment_status":"closed","ping_status":"closed","sticky":false,"template":"","format":"standard","meta":{"footnotes":""},"categories":[41],"tags":[],"class_list":["post-13303","post","type-post","status-publish","format-standard","has-post-thumbnail","hentry","category-noticias-em-destaque"],"_links":{"self":[{"href":"https:\/\/sinprfsp.org.br\/index.php\/wp-json\/wp\/v2\/posts\/13303","targetHints":{"allow":["GET"]}}],"collection":[{"href":"https:\/\/sinprfsp.org.br\/index.php\/wp-json\/wp\/v2\/posts"}],"about":[{"href":"https:\/\/sinprfsp.org.br\/index.php\/wp-json\/wp\/v2\/types\/post"}],"author":[{"embeddable":true,"href":"https:\/\/sinprfsp.org.br\/index.php\/wp-json\/wp\/v2\/users\/3"}],"replies":[{"embeddable":true,"href":"https:\/\/sinprfsp.org.br\/index.php\/wp-json\/wp\/v2\/comments?post=13303"}],"version-history":[{"count":1,"href":"https:\/\/sinprfsp.org.br\/index.php\/wp-json\/wp\/v2\/posts\/13303\/revisions"}],"predecessor-version":[{"id":13305,"href":"https:\/\/sinprfsp.org.br\/index.php\/wp-json\/wp\/v2\/posts\/13303\/revisions\/13305"}],"wp:featuredmedia":[{"embeddable":true,"href":"https:\/\/sinprfsp.org.br\/index.php\/wp-json\/wp\/v2\/media\/13304"}],"wp:attachment":[{"href":"https:\/\/sinprfsp.org.br\/index.php\/wp-json\/wp\/v2\/media?parent=13303"}],"wp:term":[{"taxonomy":"category","embeddable":true,"href":"https:\/\/sinprfsp.org.br\/index.php\/wp-json\/wp\/v2\/categories?post=13303"},{"taxonomy":"post_tag","embeddable":true,"href":"https:\/\/sinprfsp.org.br\/index.php\/wp-json\/wp\/v2\/tags?post=13303"}],"curies":[{"name":"wp","href":"https:\/\/api.w.org\/{rel}","templated":true}]}}