{"id":13335,"date":"2019-03-13T11:11:53","date_gmt":"2019-03-13T14:11:53","guid":{"rendered":"https:\/\/mjtom.com.br\/site1\/?p=13335"},"modified":"2022-01-07T13:03:22","modified_gmt":"2022-01-07T16:03:22","slug":"sistema-sindical-dos-prfs-participa-do-i-simposio-do-gabinete-integrado-dos-profissionais-de-seguranca-publica-e-do-mp","status":"publish","type":"post","link":"https:\/\/sinprfsp.org.br\/index.php\/2019\/03\/13\/sistema-sindical-dos-prfs-participa-do-i-simposio-do-gabinete-integrado-dos-profissionais-de-seguranca-publica-e-do-mp\/","title":{"rendered":"Sistema Sindical dos PRFs participa do I Simp\u00f3sio do Gabinete Integrado dos Profissionais de Seguran\u00e7a P\u00fablica e do MP"},"content":{"rendered":"<div class=\"descricao\">\n<p style=\"text-align: justify;\"><span style=\"font-size: small;\">\u00a0 \u00a0Representantes de entidades sindicais da Seguran\u00e7a P\u00fablica, juristas, promotores, al\u00e9m de auditores, reuniram-se nesta ter\u00e7a-feira (12), na C\u00e2mara dos Deputados, em Bras\u00edlia, no I Simp\u00f3sio do Gabinete Integrado dos Profissionais de Seguran\u00e7a P\u00fablica e do Minist\u00e9rio P\u00fablico.<\/span><\/p>\n<p style=\"text-align: justify;\"><span style=\"font-size: small;\">\u00a0 \u00a0O evento que contou com a participa\u00e7\u00e3o do presidente da Federa\u00e7\u00e3o Nacional dos Policiais Rodovi\u00e1rios Federais (FenaPRF), Deolindo Carniel, al\u00e9m de especialistas e profissionais das mais diversas carreiras do servi\u00e7o p\u00fablico, teve como tema principal: \u201cReforma da Previd\u00eancia: A reforma que queremos\u201d. Na ocasi\u00e3o foram abordados diversos pontos, como a preserva\u00e7\u00e3o da atividade de risco policial no texto constitucional; pens\u00e3o integral no caso de morte de policial em servi\u00e7o ou em fun\u00e7\u00e3o dele e da manuten\u00e7\u00e3o da diferencia\u00e7\u00e3o do tempo de servi\u00e7o entre homens e mulheres policiais, entre outros.<\/span><\/p>\n<p style=\"text-align: justify;\"><span style=\"font-size: small;\">\u00a0 \u00a0Para a coordenadora fiscal e fundadora da Auditoria Cidad\u00e3, Maria Lucia Fattorelli, \u00e9 necess\u00e1rio compreender a natureza da suposta crise que est\u00e1 justificando a necessidade de reforma da Previd\u00eancia: \u201cSomos um pa\u00eds riqu\u00edssimo! O que explica a fal\u00eancia de in\u00fameras empresas, o desemprego recorde e a queda do PIB em mais de 7% em apenas dois anos? Essa crise foi produzida pelo sistema financeiro\u201d, explica ela.<\/span><\/p>\n<p style=\"text-align: justify;\"><span style=\"font-size: small;\">O promotor de Justi\u00e7a do Consumidor e presidente da Associa\u00e7\u00e3o Paulista do Minist\u00e9rio P\u00fablico (APMP), Paulo Penteado Teixeira J\u00fanior, explicou em sua apresenta\u00e7\u00e3o que no Brasil as isen\u00e7\u00f5es fiscais s\u00e3o um recorde mundial, chegando a 4% do Produto Interno Bruto (PIB). \u201cO Governo diz que quer economizar R$ 1 trilh\u00e3o em dez anos [com a reforma da Previd\u00eancia], na pr\u00e1tica suprimindo direitos. Economizar\u00e1 mais do que isso em tr\u00eas anos, se acabar com estas isen\u00e7\u00f5es, que somente no ano de 2017, totalizaram R$ 354 bilh\u00f5es\u201d, disse.<\/span><\/p>\n<p style=\"text-align: justify;\"><span style=\"font-size: small;\"><strong>\u00a0 Articula\u00e7\u00e3o em defesa dos direitos dos PRFs<\/strong><\/span><\/p>\n<p style=\"text-align: justify;\"><span style=\"font-size: small;\">\u00a0 O sistema sindical dos PRFs est\u00e1 unido com as demais entidades representativas das categorias policiais com o objetivo de garantir os direitos dos policiais. Na pr\u00f3xima semana, o presidente do SINPRF-SP, F\u00e1bio Lu\u00eds de Almeida, e o Delegado Representante na FenaPRF, Kleber Gomes de Fran\u00e7a, estar\u00e3o em Bras\u00edlia, unindo for\u00e7as e buscando apoio na defesa dos direitos da categoria.<\/span><\/p>\n<\/div>\n","protected":false},"excerpt":{"rendered":"<p>\u00a0 \u00a0Representantes de entidades sindicais da Seguran\u00e7a P\u00fablica, juristas, promotores, al\u00e9m de auditores, reuniram-se nesta ter\u00e7a-feira (12), na C\u00e2mara dos Deputados, em Bras\u00edlia, no I Simp\u00f3sio do Gabinete Integrado dos Profissionais de Seguran\u00e7a P\u00fablica e do Minist\u00e9rio P\u00fablico. \u00a0 \u00a0O evento que contou com a participa\u00e7\u00e3o do presidente da Federa\u00e7\u00e3o Nacional dos Policiais Rodovi\u00e1rios Federais [&hellip;]<\/p>\n","protected":false},"author":3,"featured_media":13336,"comment_status":"closed","ping_status":"closed","sticky":false,"template":"","format":"standard","meta":{"footnotes":""},"categories":[41],"tags":[],"class_list":["post-13335","post","type-post","status-publish","format-standard","has-post-thumbnail","hentry","category-noticias-em-destaque"],"_links":{"self":[{"href":"https:\/\/sinprfsp.org.br\/index.php\/wp-json\/wp\/v2\/posts\/13335","targetHints":{"allow":["GET"]}}],"collection":[{"href":"https:\/\/sinprfsp.org.br\/index.php\/wp-json\/wp\/v2\/posts"}],"about":[{"href":"https:\/\/sinprfsp.org.br\/index.php\/wp-json\/wp\/v2\/types\/post"}],"author":[{"embeddable":true,"href":"https:\/\/sinprfsp.org.br\/index.php\/wp-json\/wp\/v2\/users\/3"}],"replies":[{"embeddable":true,"href":"https:\/\/sinprfsp.org.br\/index.php\/wp-json\/wp\/v2\/comments?post=13335"}],"version-history":[{"count":1,"href":"https:\/\/sinprfsp.org.br\/index.php\/wp-json\/wp\/v2\/posts\/13335\/revisions"}],"predecessor-version":[{"id":13337,"href":"https:\/\/sinprfsp.org.br\/index.php\/wp-json\/wp\/v2\/posts\/13335\/revisions\/13337"}],"wp:featuredmedia":[{"embeddable":true,"href":"https:\/\/sinprfsp.org.br\/index.php\/wp-json\/wp\/v2\/media\/13336"}],"wp:attachment":[{"href":"https:\/\/sinprfsp.org.br\/index.php\/wp-json\/wp\/v2\/media?parent=13335"}],"wp:term":[{"taxonomy":"category","embeddable":true,"href":"https:\/\/sinprfsp.org.br\/index.php\/wp-json\/wp\/v2\/categories?post=13335"},{"taxonomy":"post_tag","embeddable":true,"href":"https:\/\/sinprfsp.org.br\/index.php\/wp-json\/wp\/v2\/tags?post=13335"}],"curies":[{"name":"wp","href":"https:\/\/api.w.org\/{rel}","templated":true}]}}