{"id":13342,"date":"2019-03-07T11:12:05","date_gmt":"2019-03-07T14:12:05","guid":{"rendered":"https:\/\/mjtom.com.br\/site1\/?p=13342"},"modified":"2022-01-07T13:03:22","modified_gmt":"2022-01-07T16:03:22","slug":"presidente-do-sinprf-sp-se-reune-com-senador-major-olimpio-em-defesa-da-categoria-prf","status":"publish","type":"post","link":"https:\/\/sinprfsp.org.br\/index.php\/2019\/03\/07\/presidente-do-sinprf-sp-se-reune-com-senador-major-olimpio-em-defesa-da-categoria-prf\/","title":{"rendered":"Presidente do SINPRF-SP se re\u00fane com senador Major Ol\u00edmpio em defesa da categoria PRF"},"content":{"rendered":"<div class=\"descricao\">\n<p style=\"text-align: justify;\"><span style=\"font-size: small;\">\u00a0 \u00a0No \u00faltimo dia 01 de mar\u00e7o, o presidente do SINPRF-SP, F\u00e1bio Lu\u00eds de Almeida, participou de uma reuni\u00e3o com o senador Major Ol\u00edmpio (PSL) e o deputado estadual e agente da pol\u00edcia federal, Danilo Balas (PSL), na cidade de S\u00e3o Paulo.<\/span><\/p>\n<p style=\"text-align: justify;\"><span style=\"font-size: small;\">\u00a0 \u00a0A reuni\u00e3o que tamb\u00e9m contou com participa\u00e7\u00e3o do presidente do Sindicato dos Servidores da Pol\u00edcia Federal no Estado de S\u00e3o Paulo (SINDPOLF-SP), Alexandre Santana Sally, discutiu quest\u00f5es referentes \u00e0s demandas das categorias, bem como toda a problem\u00e1tica relacionada ao projeto de Reforma da Previd\u00eancia, apresentada pelo presidente Bolsonaro.<\/span><\/p>\n<p style=\"text-align: justify;\"><span style=\"font-size: small;\">\u00a0 \u00a0Segundo F\u00e1bio Lu\u00eds, o encontro foi muito positivo para a categoria de profissionais da seguran\u00e7a p\u00fablica. \u201cConsideramos o encontro com o senador Major Ol\u00edmpio fundamental para que os nossos pleitos sejam levados aos parlamentares atrav\u00e9s de um representante paulista, verdadeiramente comprometido com a nossa pauta, que possui um hist\u00f3rico de milit\u00e2ncia em defesa da seguran\u00e7a p\u00fablica. O encontro foi imprescind\u00edvel para nos municiarmos de informa\u00e7\u00f5es que nos permitir\u00e1 direcionarmos nossas a\u00e7\u00f5es futuras de maneira mais objetiva\u201d, explicou.<\/span><\/p>\n<p style=\"text-align: justify;\"><span style=\"font-size: small;\">\u00a0 \u00a0Ainda de acordo com o presidente do SINPRF-SP, F\u00e1bio Lu\u00eds, o senador Major Ol\u00edmpio se colocou inteiramente \u00e0 disposi\u00e7\u00e3o dos profissionais da Seguran\u00e7a P\u00fablica. \u201cMajor Ol\u00edmpio, que \u00e9 reconhecidamente um grande militante na defesa de uma sociedade mais justa e que sempre lutou pelo reconhecimento e valoriza\u00e7\u00e3o do trabalhador policial, como n\u00e3o poderia ser diferente, tendo o hist\u00f3rico que possui, colocou-se \u00e0 disposi\u00e7\u00e3o de nossas categorias na defesa de nossas pautas\u201d, concluiu o presidente do SINPRF-SP.<\/span><\/p>\n<p style=\"text-align: justify;\">\u00a0<\/p>\n<p style=\"text-align: center;\"><span style=\"font-size: small;\"><img fetchpriority=\"high\" decoding=\"async\" style=\"display: block; margin-left: auto; margin-right: auto;\" title=\"Reuni\u00e3o_Major_Olimpio_01\" src=\"https:\/\/mjtom.com.br\/site1\/wp-content\/uploads\/2021\/10\/presidente-do-sinprf-sp-se-reune-com-senador-major-olimpio-em-defesa-da-categoria-prf_61795e324b7f4.jpeg\" alt=\"Reuni\u00e3o_Major_Olimpio_01\" width=\"442\" height=\"332\"><\/span><\/p>\n<p style=\"text-align: center;\">Senador Major Ol\u00edmpio (PSL); Presidente do SINPRF-SP, F\u00e1bio Lu\u00eds de Almeida e o Deputado Estadual, Danilo Balas (PSL)<\/p>\n<p style=\"text-align: center;\">\u00a0<\/p>\n<p style=\"text-align: center;\"><img decoding=\"async\" title=\"Reuni\u00e3o_Major_Olimpio_02\" src=\"https:\/\/mjtom.com.br\/site1\/wp-content\/uploads\/2021\/10\/presidente-do-sinprf-sp-se-reune-com-senador-major-olimpio-em-defesa-da-categoria-prf_61795e3388c12.jpeg\" alt=\"Reuni\u00e3o_Major_Olimpio_02\" width=\"446\" height=\"335\"><\/p>\n<p style=\"text-align: center;\">\u00a0<\/p>\n<p style=\"text-align: center;\">\u00a0<\/p>\n<\/div>\n","protected":false},"excerpt":{"rendered":"<p>\u00a0 \u00a0No \u00faltimo dia 01 de mar\u00e7o, o presidente do SINPRF-SP, F\u00e1bio Lu\u00eds de Almeida, participou de uma reuni\u00e3o com o senador Major Ol\u00edmpio (PSL) e o deputado estadual e agente da pol\u00edcia federal, Danilo Balas (PSL), na cidade de S\u00e3o Paulo. \u00a0 \u00a0A reuni\u00e3o que tamb\u00e9m contou com participa\u00e7\u00e3o do presidente do Sindicato dos [&hellip;]<\/p>\n","protected":false},"author":3,"featured_media":13343,"comment_status":"closed","ping_status":"closed","sticky":false,"template":"","format":"standard","meta":{"footnotes":""},"categories":[41],"tags":[],"class_list":["post-13342","post","type-post","status-publish","format-standard","has-post-thumbnail","hentry","category-noticias-em-destaque"],"_links":{"self":[{"href":"https:\/\/sinprfsp.org.br\/index.php\/wp-json\/wp\/v2\/posts\/13342","targetHints":{"allow":["GET"]}}],"collection":[{"href":"https:\/\/sinprfsp.org.br\/index.php\/wp-json\/wp\/v2\/posts"}],"about":[{"href":"https:\/\/sinprfsp.org.br\/index.php\/wp-json\/wp\/v2\/types\/post"}],"author":[{"embeddable":true,"href":"https:\/\/sinprfsp.org.br\/index.php\/wp-json\/wp\/v2\/users\/3"}],"replies":[{"embeddable":true,"href":"https:\/\/sinprfsp.org.br\/index.php\/wp-json\/wp\/v2\/comments?post=13342"}],"version-history":[{"count":1,"href":"https:\/\/sinprfsp.org.br\/index.php\/wp-json\/wp\/v2\/posts\/13342\/revisions"}],"predecessor-version":[{"id":13346,"href":"https:\/\/sinprfsp.org.br\/index.php\/wp-json\/wp\/v2\/posts\/13342\/revisions\/13346"}],"wp:featuredmedia":[{"embeddable":true,"href":"https:\/\/sinprfsp.org.br\/index.php\/wp-json\/wp\/v2\/media\/13343"}],"wp:attachment":[{"href":"https:\/\/sinprfsp.org.br\/index.php\/wp-json\/wp\/v2\/media?parent=13342"}],"wp:term":[{"taxonomy":"category","embeddable":true,"href":"https:\/\/sinprfsp.org.br\/index.php\/wp-json\/wp\/v2\/categories?post=13342"},{"taxonomy":"post_tag","embeddable":true,"href":"https:\/\/sinprfsp.org.br\/index.php\/wp-json\/wp\/v2\/tags?post=13342"}],"curies":[{"name":"wp","href":"https:\/\/api.w.org\/{rel}","templated":true}]}}