{"id":13428,"date":"2019-01-16T11:15:43","date_gmt":"2019-01-16T13:15:43","guid":{"rendered":"https:\/\/mjtom.com.br\/site1\/?p=13428"},"modified":"2022-01-07T13:03:21","modified_gmt":"2022-01-07T16:03:21","slug":"batedores-da-prf-escoltam-comitiva-presidencial","status":"publish","type":"post","link":"https:\/\/sinprfsp.org.br\/index.php\/2019\/01\/16\/batedores-da-prf-escoltam-comitiva-presidencial\/","title":{"rendered":"Batedores da PRF escoltam comitiva presidencial"},"content":{"rendered":"<div class=\"descricao\">\n<p class=\"Pargrafobsico\" style=\"text-align: justify;\"><span style=\"font-size: small;\">\u00a0 Todos n\u00f3s sabemos que escolta \u00e9 uma das expertises da Pol\u00edcia Rodovi\u00e1ria Federal, assim sendo n\u00e3o poderia ser diferente, no dia 1\u00ba janeiro, a posse do presidente Jair Messias Bolsonaro (PSL) teve a PRF como a institui\u00e7\u00e3o respons\u00e1vel pela Coordena\u00e7\u00e3o de Escoltas. A a\u00e7\u00e3o tamb\u00e9m contou com a participa\u00e7\u00e3o de outros \u00f3rg\u00e3os como o Minist\u00e9rio das Rela\u00e7\u00f5es Exteriores (MRE) e o Gabinete de Seguran\u00e7a Institucional (GSI).<\/span><\/p>\n<p class=\"Pargrafobsico\" style=\"text-align: justify;\"><span style=\"font-size: small;\">\u00a0 O grupo de batedores da PRF escoltou a comitiva do presidente Bolsonaro em dire\u00e7\u00e3o \u00e0 Esplanada dos Minist\u00e9rios. Da Granja do Torto, o comboio seguiu at\u00e9 a Catedral de Bras\u00edlia, na Esplanada dos Minist\u00e9rios, onde o presidente Jair Bolsonaro se encontrou com o vice-presidente, Hamilton Mour\u00e3o.<\/span><\/p>\n<p style=\"text-align: justify;\"><span style=\"font-size: small;\">\u00a0 Na Catedral houve a troca de carros e teve in\u00edcio o cortejo at\u00e9 o Congresso Nacional, em carro aberto no tradicional Rolls-Royce, presente do governo brit\u00e2nico ao Brasil, em 1953.<\/span><\/p>\n<\/div>\n","protected":false},"excerpt":{"rendered":"<p>\u00a0 Todos n\u00f3s sabemos que escolta \u00e9 uma das expertises da Pol\u00edcia Rodovi\u00e1ria Federal, assim sendo n\u00e3o poderia ser diferente, no dia 1\u00ba janeiro, a posse do presidente Jair Messias Bolsonaro (PSL) teve a PRF como a institui\u00e7\u00e3o respons\u00e1vel pela Coordena\u00e7\u00e3o de Escoltas. A a\u00e7\u00e3o tamb\u00e9m contou com a participa\u00e7\u00e3o de outros \u00f3rg\u00e3os como o [&hellip;]<\/p>\n","protected":false},"author":3,"featured_media":13429,"comment_status":"closed","ping_status":"closed","sticky":false,"template":"","format":"standard","meta":{"footnotes":""},"categories":[41],"tags":[],"class_list":["post-13428","post","type-post","status-publish","format-standard","has-post-thumbnail","hentry","category-noticias-em-destaque"],"_links":{"self":[{"href":"https:\/\/sinprfsp.org.br\/index.php\/wp-json\/wp\/v2\/posts\/13428","targetHints":{"allow":["GET"]}}],"collection":[{"href":"https:\/\/sinprfsp.org.br\/index.php\/wp-json\/wp\/v2\/posts"}],"about":[{"href":"https:\/\/sinprfsp.org.br\/index.php\/wp-json\/wp\/v2\/types\/post"}],"author":[{"embeddable":true,"href":"https:\/\/sinprfsp.org.br\/index.php\/wp-json\/wp\/v2\/users\/3"}],"replies":[{"embeddable":true,"href":"https:\/\/sinprfsp.org.br\/index.php\/wp-json\/wp\/v2\/comments?post=13428"}],"version-history":[{"count":1,"href":"https:\/\/sinprfsp.org.br\/index.php\/wp-json\/wp\/v2\/posts\/13428\/revisions"}],"predecessor-version":[{"id":13430,"href":"https:\/\/sinprfsp.org.br\/index.php\/wp-json\/wp\/v2\/posts\/13428\/revisions\/13430"}],"wp:featuredmedia":[{"embeddable":true,"href":"https:\/\/sinprfsp.org.br\/index.php\/wp-json\/wp\/v2\/media\/13429"}],"wp:attachment":[{"href":"https:\/\/sinprfsp.org.br\/index.php\/wp-json\/wp\/v2\/media?parent=13428"}],"wp:term":[{"taxonomy":"category","embeddable":true,"href":"https:\/\/sinprfsp.org.br\/index.php\/wp-json\/wp\/v2\/categories?post=13428"},{"taxonomy":"post_tag","embeddable":true,"href":"https:\/\/sinprfsp.org.br\/index.php\/wp-json\/wp\/v2\/tags?post=13428"}],"curies":[{"name":"wp","href":"https:\/\/api.w.org\/{rel}","templated":true}]}}