{"id":13522,"date":"2018-10-27T11:20:51","date_gmt":"2018-10-27T14:20:51","guid":{"rendered":"https:\/\/mjtom.com.br\/site1\/?p=13522"},"modified":"2022-01-07T13:03:21","modified_gmt":"2022-01-07T16:03:21","slug":"comissao-eleitoral-homologa-chapas-e-divulga-suas-composicoes","status":"publish","type":"post","link":"https:\/\/sinprfsp.org.br\/index.php\/2018\/10\/27\/comissao-eleitoral-homologa-chapas-e-divulga-suas-composicoes\/","title":{"rendered":"Comiss\u00e3o Eleitoral homologa chapas e divulga suas composi\u00e7\u00f5es"},"content":{"rendered":"<div class=\"descricao\">\n<p class=\"Pargrafobsico\" style=\"text-align: justify;\"><span style=\"font-size: small;\">\u00a0 \u00a0O Coordenador Geral da Comiss\u00e3o Eleitoral designada pela Portaria n\u00ba 1\/2018 do Presidente do SINPRF\/SP, nos termos constantes no Estatuto do Sindicato dos Policiais Rodovi\u00e1rios Federais no Estado de S\u00e3o Paulo (SINPRF\/SP), comunica a todos os sindicalizados, que a\u00a0<strong>chapa n\u00ba 1 (Juntos somos mais fortes)<\/strong> e a <strong>chapa n\u00ba 2 (Inova\u00e7\u00e3o Sindical)<\/strong>, que concorrem na <strong>Elei\u00e7\u00e3o da Diretoria Executiva do SINPRF-SP\/2018<\/strong>, que ser\u00e1 realizada no dia <strong>22 de novembro de 2018<\/strong>, das 08 \u00e0s 17h, foram homologadas, bem como divulga os candidatos que comp\u00f5em as duas chapas (n\u00ba 1 e n\u00ba 2) devidamente registradas, ap\u00f3s altera\u00e7\u00f5es apresentadas pela chapa n\u00ba 02, em conformidade aos termos constantes no Estatuto do SINPRF-SP.<\/span><\/p>\n<p style=\"text-align: justify;\">\u00a0<\/p>\n<p style=\"text-align: justify;\"><span style=\"font-size: medium;\"><strong>Chapa n\u00ba 1 &#8211; (Juntos Somos Mais Fortes)<\/strong><\/span><\/p>\n<p class=\"Pargrafobsico\" style=\"text-align: justify;\"><span style=\"font-size: small;\"><strong>1) Presidente<\/strong> &#8211; Fabio Lu\u00eds de Almeida<\/span><\/p>\n<p class=\"Pargrafobsico\" style=\"text-align: justify;\"><span style=\"font-size: small;\"><strong>2) Vice-Presidente <\/strong>&#8211; Denilson Moura da Silva<\/span><\/p>\n<p class=\"Pargrafobsico\" style=\"text-align: justify;\"><span style=\"font-size: small;\"><strong>3)<\/strong> <strong>Diretor Administrativo<\/strong> &#8211; Valdomiro Rapini<\/span><\/p>\n<p class=\"Pargrafobsico\" style=\"text-align: justify;\"><span style=\"font-size: small;\">\u00a0\u00a0\u00a0 <strong>Diretor Administrativo Suplente<\/strong> &#8211; Edson Gomes da Rocha<\/span><\/p>\n<p class=\"Pargrafobsico\" style=\"text-align: justify;\"><span style=\"font-size: small;\"><strong>4)<\/strong> <strong>Diretor Financeiro<\/strong> &#8211; Carlos Alberto Amorim<\/span><\/p>\n<p class=\"Pargrafobsico\" style=\"text-align: justify;\"><span style=\"font-size: small;\"><strong>\u00a0\u00a0\u00a0 Diretor Financeiro Suplente<\/strong> &#8211; Osvaldino Manoel Jovito<\/span><\/p>\n<p class=\"Pargrafobsico\" style=\"text-align: justify;\"><span style=\"font-size: small;\"><strong>5)<\/strong> <strong>Diretor Jur\u00eddico<\/strong> &#8211; Paulo S\u00e9rgio Dias Poli<\/span><\/p>\n<p class=\"Pargrafobsico\" style=\"text-align: justify;\"><span style=\"font-size: small;\"><strong>\u00a0\u00a0\u00a0 Diretor Jur\u00eddico Suplente<\/strong> &#8211; Andr\u00e9 Lu\u00eds de Almeida Bruni<\/span><\/p>\n<p class=\"Pargrafobsico\" style=\"text-align: justify;\"><span style=\"font-size: small;\"><strong>6) Diretor Parlamentar <\/strong>&#8211; Ricardo Luiz da Silva Gomes<\/span><\/p>\n<p class=\"Pargrafobsico\" style=\"text-align: justify;\"><span style=\"font-size: small;\">\u00a0\u00a0\u00a0\u00a0 <strong>Diretor Parlamentar Suplente<\/strong> &#8211; Rony Donizete Tavares Huguenin<\/span><\/p>\n<p class=\"Pargrafobsico\" style=\"text-align: justify;\"><span style=\"font-size: small;\"><strong>7)<\/strong> <strong>Diretor Social <\/strong>&#8211; Mauro Celso de Oliveira Abdala<\/span><\/p>\n<p class=\"Pargrafobsico\" style=\"text-align: justify;\"><span style=\"font-size: small;\">\u00a0\u00a0\u00a0 <strong>Diretor Social Suplente<\/strong> &#8211; Leandro Henrique de S\u00e1 Muniz<\/span><\/p>\n<p class=\"Pargrafobsico\" style=\"text-align: justify;\"><span style=\"font-size: small;\"><strong>8) Diretor de Comunica\u00e7\u00e3o Social<\/strong> &#8211; Antonio Carlos Martins<\/span><\/p>\n<p class=\"Pargrafobsico\" style=\"text-align: justify;\"><span style=\"font-size: small;\"><strong>\u00a0\u00a0\u00a0 Diretor de Comunica\u00e7\u00e3o Social Suplente<\/strong> &#8211; Paulo Rog\u00e9rio Martins Cunha<\/span><\/p>\n<p class=\"Pargrafobsico\" style=\"text-align: justify;\"><span style=\"font-size: small;\"><strong>9)<\/strong> <strong>Diretor de Assist\u00eancia aos Aposentados e Pensionistas<\/strong> &#8211; Emilio Carlos Beraldo Lescura<\/span><\/p>\n<p class=\"Pargrafobsico\" style=\"text-align: justify;\"><span style=\"font-size: small;\">\u00a0\u00a0 <strong>Diretor de Assist\u00eancia aos Aposentados e Pensionistas<\/strong> <strong>Suplente <\/strong>&#8211; Benedito Raul Bento<\/span><\/p>\n<p class=\"Pargrafobsico\" style=\"text-align: justify;\"><span style=\"font-size: small;\"><strong>10)<\/strong> <strong>Diretor de Eventos &#8211; <\/strong>Francisco Alencar de Souza<\/span><\/p>\n<p class=\"Pargrafobsico\" style=\"text-align: justify;\"><span style=\"font-size: small;\"><strong>\u00a0\u00a0\u00a0\u00a0\u00a0 Diretor de Eventos Suplente<\/strong> &#8211; Erisvaldo Lopes<\/span><\/p>\n<p class=\"Pargrafobsico\" style=\"text-align: justify;\"><span style=\"font-size: small;\"><strong>11)<\/strong> <strong>Diretor de Patrim\u00f4nio<\/strong> &#8211; Jos\u00e9 Bendito Rodrigues<\/span><\/p>\n<p class=\"Pargrafobsico\" style=\"text-align: justify;\"><span style=\"font-size: small;\"><strong>\u00a0\u00a0\u00a0\u00a0\u00a0 Diretor de Patrim\u00f4nio Suplente<\/strong> &#8211; L\u00facio Flavio Paula Lopes<\/span><\/p>\n<p class=\"Pargrafobsico\" style=\"text-align: justify;\"><span style=\"font-size: small;\">\u00a0\u00a0\u00a0 <strong>\u00a0Delegado Representante na FENAPRF<\/strong> &#8211; Kleber Gomes de Fran\u00e7a<\/span><\/p>\n<p class=\"Pargrafobsico\" style=\"text-align: justify;\"><span style=\"font-size: small;\"><strong>\u00a0\u00a0\u00a0\u00a0 Delegado Representante na FENAPRF Suplente<\/strong> &#8211; Ot\u00e1vio Jos\u00e9 Cardoso de Oliveira<\/span><\/p>\n<p class=\"Pargrafobsico\" style=\"text-align: justify;\"><span style=\"font-size: medium;\">\u00a0<\/span><\/p>\n<p class=\"Pargrafobsico\" style=\"text-align: justify;\"><span style=\"font-size: medium;\"><strong>Chapa n\u00ba 02 (Inova\u00e7\u00e3o Sindical)<\/strong><\/span><\/p>\n<p class=\"Pargrafobsico\" style=\"text-align: justify;\"><span style=\"font-size: small;\"><strong>1) Presidente &#8211;<\/strong> Paulo Henrique Demarchi<\/span><\/p>\n<p class=\"Pargrafobsico\" style=\"text-align: justify;\"><span style=\"font-size: small;\"><strong>2) Vice-Presidente &#8211; <\/strong>Linaldo Serafim<\/span><\/p>\n<p class=\"Pargrafobsico\" style=\"text-align: justify;\"><span style=\"font-size: small;\"><strong>3) Diretor Administrativo<\/strong> &#8211; M\u00e1rcio Francisco da Silva<\/span><\/p>\n<p class=\"Pargrafobsico\" style=\"text-align: justify;\"><span style=\"font-size: small;\">\u00a0\u00a0\u00a0\u00a0 <strong>Diretor Administrativo Suplente<\/strong> &#8211; Celso Rodrigues da Silva<\/span><\/p>\n<p class=\"Pargrafobsico\" style=\"text-align: justify;\"><span style=\"font-size: small;\"><strong>4) Diretor Financeiro &#8211;<\/strong> Ivan Brand\u00e3o Gomes<\/span><\/p>\n<p class=\"Pargrafobsico\" style=\"text-align: justify;\"><span style=\"font-size: small;\">\u00a0\u00a0\u00a0\u00a0 <strong>Diretor Financeiro Suplente<\/strong> &#8211; Marcel Raphael<\/span><\/p>\n<p class=\"Pargrafobsico\" style=\"text-align: justify;\"><span style=\"font-size: small;\"><strong>5) Diretor Jur\u00eddico<\/strong> &#8211; Wagner Dem\u00e9trio da Silva<\/span><\/p>\n<p class=\"Pargrafobsico\" style=\"text-align: justify;\"><span style=\"font-size: small;\">\u00a0\u00a0\u00a0\u00a0 <strong>Diretor Jur\u00eddico Suplente <\/strong>&#8211; Paula Nogueira de Almeida Prado<\/span><\/p>\n<p class=\"Pargrafobsico\" style=\"text-align: justify;\"><span style=\"font-size: small;\"><strong>6) Diretor Parlamentar <\/strong>&#8211; Ney Marcos Silva de Souza<\/span><\/p>\n<p class=\"Pargrafobsico\" style=\"text-align: justify;\"><span style=\"font-size: small;\">\u00a0\u00a0\u00a0 <strong>Diretor Parlamentar Suplente <\/strong>&#8211; Paulo Antonio Moreira de Lucena<\/span><\/p>\n<p class=\"Pargrafobsico\" style=\"text-align: justify;\"><span style=\"font-size: small;\"><strong>7) Diretor Social<\/strong> &#8211; Murilo de Fiore<\/span><\/p>\n<p class=\"Pargrafobsico\" style=\"text-align: justify;\"><span style=\"font-size: small;\">\u00a0\u00a0\u00a0 <strong>Diretor Social Suplente<\/strong> &#8211; Carlos Alberto Cunha Leme<\/span><\/p>\n<p class=\"Pargrafobsico\" style=\"text-align: justify;\"><span style=\"font-size: small;\"><strong>8)<\/strong> <strong>Diretor de Comunica\u00e7\u00e3o Social<\/strong> &#8211; Nello Aparecido Aguiar<\/span><\/p>\n<p class=\"Pargrafobsico\" style=\"text-align: justify;\"><span style=\"font-size: small;\">\u00a0\u00a0\u00a0 <strong>Diretor de Comunica\u00e7\u00e3o Social Suplente<\/strong> &#8211; Luiz Antonio de Oliveira<\/span><\/p>\n<p class=\"Pargrafobsico\" style=\"text-align: justify;\"><span style=\"font-size: small;\"><strong>9) Diretor de Assist\u00eancia aos Aposentados e Pensionistas <\/strong>&#8211; Jos\u00e9 Antonio de\u00a0<\/span><span style=\"font-size: small;\">Oliveira<\/span><\/p>\n<p class=\"Pargrafobsico\" style=\"text-align: justify;\"><span style=\"font-size: small;\">\u00a0\u00a0\u00a0 <strong>Diretor de Assist\u00eancia aos Aposentados e Pensionistas Suplente<\/strong> &#8211; Marcus\u00a0<\/span><span style=\"font-size: small;\">Antonio dos Santos<\/span><\/p>\n<p class=\"Pargrafobsico\" style=\"text-align: justify;\"><span style=\"font-size: small;\"><strong>10) Diretor de Eventos<\/strong> &#8211; Wagner Modesto<\/span><\/p>\n<p class=\"Pargrafobsico\" style=\"text-align: justify;\"><span style=\"font-size: small;\">\u00a0\u00a0\u00a0\u00a0\u00a0 <strong>Diretor de Eventos<\/strong> <strong>Suplente<\/strong> &#8211; Paulo Barreto<\/span><\/p>\n<p class=\"Pargrafobsico\" style=\"text-align: justify;\"><span style=\"font-size: small;\"><strong>11) Diretor de Patrim\u00f4nio<\/strong> &#8211; Walter Pinto J\u00fanior<\/span><\/p>\n<p class=\"Pargrafobsico\" style=\"text-align: justify;\"><span style=\"font-size: small;\">\u00a0\u00a0\u00a0\u00a0\u00a0 <strong>Diretor de Patrim\u00f4nio Suplente<\/strong> &#8211; Silv\u00e9rio Bertochi<\/span><\/p>\n<p class=\"Pargrafobsico\" style=\"text-align: justify;\"><span style=\"font-size: small;\">\u00a0\u00a0\u00a0\u00a0\u00a0 <strong>Delegado Representante na FENAPRF <\/strong>&#8211; Paulo Alexandre Ney Quevedo<\/span><\/p>\n<p class=\"Pargrafobsico\" style=\"text-align: justify;\"><span style=\"font-size: small;\">\u00a0\u00a0\u00a0\u00a0\u00a0 <strong>Delegado Representante na FENAPRF Suplente<\/strong> &#8211; Paulo Henrique Lima\u00a0<\/span><span style=\"font-size: small;\">Rocha<\/span><\/p>\n<p class=\"Pargrafobsico\" style=\"text-align: justify;\"><span style=\"font-size: small;\">\u00a0<\/span><\/p>\n<p style=\"text-align: justify;\"><span style=\"font-size: small;\">\u00a0<\/span><\/p>\n<\/div>\n","protected":false},"excerpt":{"rendered":"<p>\u00a0 \u00a0O Coordenador Geral da Comiss\u00e3o Eleitoral designada pela Portaria n\u00ba 1\/2018 do Presidente do SINPRF\/SP, nos termos constantes no Estatuto do Sindicato dos Policiais Rodovi\u00e1rios Federais no Estado de S\u00e3o Paulo (SINPRF\/SP), comunica a todos os sindicalizados, que a\u00a0chapa n\u00ba 1 (Juntos somos mais fortes) e a chapa n\u00ba 2 (Inova\u00e7\u00e3o Sindical), que concorrem [&hellip;]<\/p>\n","protected":false},"author":3,"featured_media":13523,"comment_status":"closed","ping_status":"closed","sticky":false,"template":"","format":"standard","meta":{"footnotes":""},"categories":[41],"tags":[],"class_list":["post-13522","post","type-post","status-publish","format-standard","has-post-thumbnail","hentry","category-noticias-em-destaque"],"_links":{"self":[{"href":"https:\/\/sinprfsp.org.br\/index.php\/wp-json\/wp\/v2\/posts\/13522","targetHints":{"allow":["GET"]}}],"collection":[{"href":"https:\/\/sinprfsp.org.br\/index.php\/wp-json\/wp\/v2\/posts"}],"about":[{"href":"https:\/\/sinprfsp.org.br\/index.php\/wp-json\/wp\/v2\/types\/post"}],"author":[{"embeddable":true,"href":"https:\/\/sinprfsp.org.br\/index.php\/wp-json\/wp\/v2\/users\/3"}],"replies":[{"embeddable":true,"href":"https:\/\/sinprfsp.org.br\/index.php\/wp-json\/wp\/v2\/comments?post=13522"}],"version-history":[{"count":1,"href":"https:\/\/sinprfsp.org.br\/index.php\/wp-json\/wp\/v2\/posts\/13522\/revisions"}],"predecessor-version":[{"id":13524,"href":"https:\/\/sinprfsp.org.br\/index.php\/wp-json\/wp\/v2\/posts\/13522\/revisions\/13524"}],"wp:featuredmedia":[{"embeddable":true,"href":"https:\/\/sinprfsp.org.br\/index.php\/wp-json\/wp\/v2\/media\/13523"}],"wp:attachment":[{"href":"https:\/\/sinprfsp.org.br\/index.php\/wp-json\/wp\/v2\/media?parent=13522"}],"wp:term":[{"taxonomy":"category","embeddable":true,"href":"https:\/\/sinprfsp.org.br\/index.php\/wp-json\/wp\/v2\/categories?post=13522"},{"taxonomy":"post_tag","embeddable":true,"href":"https:\/\/sinprfsp.org.br\/index.php\/wp-json\/wp\/v2\/tags?post=13522"}],"curies":[{"name":"wp","href":"https:\/\/api.w.org\/{rel}","templated":true}]}}