{"id":13528,"date":"2018-10-19T11:20:59","date_gmt":"2018-10-19T14:20:59","guid":{"rendered":"https:\/\/mjtom.com.br\/site1\/?p=13528"},"modified":"2022-01-07T13:03:21","modified_gmt":"2022-01-07T16:03:21","slug":"bancada-prf-contara-com-quatro-deputados-federais-no-congresso","status":"publish","type":"post","link":"https:\/\/sinprfsp.org.br\/index.php\/2018\/10\/19\/bancada-prf-contara-com-quatro-deputados-federais-no-congresso\/","title":{"rendered":"Bancada PRF contar\u00e1 com quatro deputados federais no Congresso"},"content":{"rendered":"<div class=\"descricao\">\n<p class=\"Pargrafobsico\" style=\"text-align: justify;\"><span style=\"font-size: small;\">\u00a0 O saldo desta elei\u00e7\u00e3o foi positivo para os Policiais Rodovi\u00e1rios Federais, que contar\u00e3o a partir de 2019 com quatro representantes na C\u00e2mara dos Deputados, al\u00e9m de um deputado estadual no Acre. Foram eleitos para deputados federais:\u00a0 PRF Nicoletti \u2013 PSL (presidente do SINPRF-RR), por Roraima; PRF F\u00e1bio Henrique (PDT), por Sergipe; PRF Jos\u00e9 Medeiros (PODE), por Mato Grosso; PRF Mauro Lopes (MDB), reeleito por Minas Gerais, al\u00e9m do PRF Gerlen Diniz (PP), eleito para Deputado Estadual, no Acre. Outros dois candidatos PRFs Frederico Fran\u00e7a (PSL-PE) e Charlles Batista (PSL-RJ) ficaram como primeiros suplentes para os cargos de Deputado Federal e para a Assembleia Legislativa do Rio de Janeiro, respectivamente.<\/span><\/p>\n<p class=\"Pargrafobsico\" style=\"text-align: justify;\"><span style=\"font-size: small;\">\u00a0 Ao todo, os 40 candidatos PRFs somaram 485.312 votos, em todas as regi\u00f5es do Brasil. Sendo que os dois candidatos de S\u00e3o Paulo, PRF Inspetor Jo\u00e3o Bosco e o PRF Fernando Moreira, conquistaram 5.007 e 1.822 votos, respectivamente. Outro candidato reeleito, que sempre apoiou os PRFs de S\u00e3o Paulo, foi o Deputado Federal Capit\u00e3o Augusto (PR), que conquistou 242.237 votos.<\/span><\/p>\n<p class=\"Pargrafobsico\" style=\"text-align: justify;\"><span style=\"font-size: small;\">\u00a0 O presidente do SINPRF-SP, F\u00e1bio Lu\u00eds de Almeida, explica que o sistema sindical se uniu em um movimento que teve como objetivo incentivar Policiais Rodovi\u00e1rios Federais a participarem do processo eleitoral. \u201c\u00c9 importante para o fortalecimento de nossa institui\u00e7\u00e3o que tenhamos PRFs nos representando no Congresso. Desta forma iniciamos este projeto com o objetivo de al\u00e9m de incentivarmos nossos policiais a participarem da elei\u00e7\u00e3o, nos unirmos como eleitores no apoio desses candidatos\u201d, explicou.<\/span><\/p>\n<p style=\"text-align: justify;\"><span style=\"font-size: small;\">\u00a0 \u201cO saldo foi muito positivo, a bancada PRF cresceu exponencialmente e assim poderemos alavancar nossos projetos de valoriza\u00e7\u00e3o da categoria, como a tramita\u00e7\u00e3o do projeto de Lei Org\u00e2nica, do PL 7133\/2014 de autoria do SINPRF-SP, que estende aos Policiais Rodovi\u00e1rios Federais, regime de pris\u00e3o especial estabelecido pela Lei n\u00ba 4.878, de 03 de dezembro de 1965, que est\u00e1 pronto para ser votado\u201d, finaliza F\u00e1bio Lu\u00eds.<\/span><\/p>\n<p>\u00a0<\/p>\n<\/div>\n","protected":false},"excerpt":{"rendered":"<p>\u00a0 O saldo desta elei\u00e7\u00e3o foi positivo para os Policiais Rodovi\u00e1rios Federais, que contar\u00e3o a partir de 2019 com quatro representantes na C\u00e2mara dos Deputados, al\u00e9m de um deputado estadual no Acre. Foram eleitos para deputados federais:\u00a0 PRF Nicoletti \u2013 PSL (presidente do SINPRF-RR), por Roraima; PRF F\u00e1bio Henrique (PDT), por Sergipe; PRF Jos\u00e9 Medeiros [&hellip;]<\/p>\n","protected":false},"author":3,"featured_media":13529,"comment_status":"closed","ping_status":"closed","sticky":false,"template":"","format":"standard","meta":{"footnotes":""},"categories":[41],"tags":[],"class_list":["post-13528","post","type-post","status-publish","format-standard","has-post-thumbnail","hentry","category-noticias-em-destaque"],"_links":{"self":[{"href":"https:\/\/sinprfsp.org.br\/index.php\/wp-json\/wp\/v2\/posts\/13528","targetHints":{"allow":["GET"]}}],"collection":[{"href":"https:\/\/sinprfsp.org.br\/index.php\/wp-json\/wp\/v2\/posts"}],"about":[{"href":"https:\/\/sinprfsp.org.br\/index.php\/wp-json\/wp\/v2\/types\/post"}],"author":[{"embeddable":true,"href":"https:\/\/sinprfsp.org.br\/index.php\/wp-json\/wp\/v2\/users\/3"}],"replies":[{"embeddable":true,"href":"https:\/\/sinprfsp.org.br\/index.php\/wp-json\/wp\/v2\/comments?post=13528"}],"version-history":[{"count":1,"href":"https:\/\/sinprfsp.org.br\/index.php\/wp-json\/wp\/v2\/posts\/13528\/revisions"}],"predecessor-version":[{"id":13530,"href":"https:\/\/sinprfsp.org.br\/index.php\/wp-json\/wp\/v2\/posts\/13528\/revisions\/13530"}],"wp:featuredmedia":[{"embeddable":true,"href":"https:\/\/sinprfsp.org.br\/index.php\/wp-json\/wp\/v2\/media\/13529"}],"wp:attachment":[{"href":"https:\/\/sinprfsp.org.br\/index.php\/wp-json\/wp\/v2\/media?parent=13528"}],"wp:term":[{"taxonomy":"category","embeddable":true,"href":"https:\/\/sinprfsp.org.br\/index.php\/wp-json\/wp\/v2\/categories?post=13528"},{"taxonomy":"post_tag","embeddable":true,"href":"https:\/\/sinprfsp.org.br\/index.php\/wp-json\/wp\/v2\/tags?post=13528"}],"curies":[{"name":"wp","href":"https:\/\/api.w.org\/{rel}","templated":true}]}}