{"id":13531,"date":"2018-10-19T11:21:03","date_gmt":"2018-10-19T14:21:03","guid":{"rendered":"https:\/\/mjtom.com.br\/site1\/?p=13531"},"modified":"2022-01-07T13:03:21","modified_gmt":"2022-01-07T16:03:21","slug":"sinprf-sp-parabeniza-prfs-pela-operacao-12-de-outubro","status":"publish","type":"post","link":"https:\/\/sinprfsp.org.br\/index.php\/2018\/10\/19\/sinprf-sp-parabeniza-prfs-pela-operacao-12-de-outubro\/","title":{"rendered":"SINPRF-SP parabeniza PRFs pela Opera\u00e7\u00e3o 12 de Outubro"},"content":{"rendered":"<div class=\"descricao\">\n<p class=\"Pargrafobsico\" style=\"text-align: justify;\"><span style=\"font-size: small;\">\u00a0 \u00a0Como todos os anos, a Pol\u00edcia Rodovi\u00e1ria Federal realizou entre os dias 11 e 14 de outubro, a Opera\u00e7\u00e3o 12 de Outubro, em todo o pa\u00eds.<\/span><\/p>\n<p class=\"Pargrafobsico\" style=\"text-align: justify;\"><span style=\"font-size: small;\">\u00a0 Baseando-se em dados estat\u00edsticos consolidados pela PRF, a opera\u00e7\u00e3o contou com refor\u00e7o concentrado no policiamento ostensivo preventivo, em locais e hor\u00e1rios de maior incid\u00eancia de acidentes fatais e de criminalidade, oferecendo aos usu\u00e1rios das rodovias maior seguran\u00e7a, conforto e fluidez no tr\u00e2nsito.<\/span><\/p>\n<p class=\"Pargrafobsico\" style=\"text-align: justify;\"><span style=\"font-size: small;\">\u00a0 \u00a0Outro objetivo da opera\u00e7\u00e3o foi a educa\u00e7\u00e3o, como preven\u00e7\u00e3o ao excesso de velocidade, uso do cinto de seguran\u00e7a, transporte seguro de crian\u00e7as, alcoolemia ao volante, ultrapassagens proibidas, seguran\u00e7a dos usu\u00e1rios de motocicletas ou ciclomotores e condi\u00e7\u00f5es de conserva\u00e7\u00e3o do ve\u00edculo.<\/span><\/p>\n<p class=\"Pargrafobsico\" style=\"text-align: justify;\"><span style=\"font-size: small;\">\u00a0 \u00a0Entre as comemora\u00e7\u00f5es realizadas em homenagem \u00e0 Padroeira do Brasil, o ponto alto do dia 12, foi a missa solene, realizada \u00e0s 9h00, que contou com a participa\u00e7\u00e3o do Diretor Geral da PRF, Inspetor Renato Borges Dias; do Superintendente da PRF em S\u00e3o Paulo, Inspetor Valmir Cordelli; do vice-presidente do SINPRF-SP, Ot\u00e1vio Cardoso de Oliveira, al\u00e9m de outros Policiais Rodovi\u00e1rios Federais.<\/span><\/p>\n<p class=\"Pargrafobsico\" style=\"text-align: justify;\"><span style=\"font-size: small;\">\u00a0 \u00a0Para Ot\u00e1vio Cardoso de Oliveira, por meio da Opera\u00e7\u00e3o 12 de Outubro, a PRF demonstra seu grande diferencial: ser uma pol\u00edcia eficiente e cidad\u00e3. \u201cAo longo da rodovia Presidente Dutra encontramos muitos romeiros caminhando rumo \u00e0 Bas\u00edlica Nacional de Aparecida e percebemos a aten\u00e7\u00e3o dada por cada PRF aos romeiros. Gostaria de parabenizar todos os PRFs envolvidos na Opera\u00e7\u00e3o\u201d, disse Ot\u00e1vio.<\/span><\/p>\n<\/div>\n","protected":false},"excerpt":{"rendered":"<p>\u00a0 \u00a0Como todos os anos, a Pol\u00edcia Rodovi\u00e1ria Federal realizou entre os dias 11 e 14 de outubro, a Opera\u00e7\u00e3o 12 de Outubro, em todo o pa\u00eds. \u00a0 Baseando-se em dados estat\u00edsticos consolidados pela PRF, a opera\u00e7\u00e3o contou com refor\u00e7o concentrado no policiamento ostensivo preventivo, em locais e hor\u00e1rios de maior incid\u00eancia de acidentes fatais [&hellip;]<\/p>\n","protected":false},"author":3,"featured_media":13532,"comment_status":"closed","ping_status":"closed","sticky":false,"template":"","format":"standard","meta":{"footnotes":""},"categories":[41],"tags":[],"class_list":["post-13531","post","type-post","status-publish","format-standard","has-post-thumbnail","hentry","category-noticias-em-destaque"],"_links":{"self":[{"href":"https:\/\/sinprfsp.org.br\/index.php\/wp-json\/wp\/v2\/posts\/13531","targetHints":{"allow":["GET"]}}],"collection":[{"href":"https:\/\/sinprfsp.org.br\/index.php\/wp-json\/wp\/v2\/posts"}],"about":[{"href":"https:\/\/sinprfsp.org.br\/index.php\/wp-json\/wp\/v2\/types\/post"}],"author":[{"embeddable":true,"href":"https:\/\/sinprfsp.org.br\/index.php\/wp-json\/wp\/v2\/users\/3"}],"replies":[{"embeddable":true,"href":"https:\/\/sinprfsp.org.br\/index.php\/wp-json\/wp\/v2\/comments?post=13531"}],"version-history":[{"count":1,"href":"https:\/\/sinprfsp.org.br\/index.php\/wp-json\/wp\/v2\/posts\/13531\/revisions"}],"predecessor-version":[{"id":13533,"href":"https:\/\/sinprfsp.org.br\/index.php\/wp-json\/wp\/v2\/posts\/13531\/revisions\/13533"}],"wp:featuredmedia":[{"embeddable":true,"href":"https:\/\/sinprfsp.org.br\/index.php\/wp-json\/wp\/v2\/media\/13532"}],"wp:attachment":[{"href":"https:\/\/sinprfsp.org.br\/index.php\/wp-json\/wp\/v2\/media?parent=13531"}],"wp:term":[{"taxonomy":"category","embeddable":true,"href":"https:\/\/sinprfsp.org.br\/index.php\/wp-json\/wp\/v2\/categories?post=13531"},{"taxonomy":"post_tag","embeddable":true,"href":"https:\/\/sinprfsp.org.br\/index.php\/wp-json\/wp\/v2\/tags?post=13531"}],"curies":[{"name":"wp","href":"https:\/\/api.w.org\/{rel}","templated":true}]}}