{"id":13568,"date":"2018-09-22T11:22:54","date_gmt":"2018-09-22T14:22:54","guid":{"rendered":"https:\/\/mjtom.com.br\/site1\/?p=13568"},"modified":"2022-01-07T13:03:20","modified_gmt":"2022-01-07T16:03:20","slug":"sinprf-sp-participa-de-encontro-entre-sindicatos-e-presidenciavel","status":"publish","type":"post","link":"https:\/\/sinprfsp.org.br\/index.php\/2018\/09\/22\/sinprf-sp-participa-de-encontro-entre-sindicatos-e-presidenciavel\/","title":{"rendered":"SINPRF-SP participa de encontro entre sindicatos e presidenci\u00e1vel"},"content":{"rendered":"<div class=\"descricao\">\n<p class=\"Pargrafobsico\" style=\"text-align: justify;\">\u00a0 \u00a0Ainda nesta quarta-feira (19), o vice-presidente do SINPRF-SP, Ot\u00e1vio Cardoso de Oliveira, participou juntamente com demais sindicatos e centrais do setor p\u00fablico e privado, de reuni\u00e3o com o candidato \u00e0 presid\u00eancia Ciro Gomes (PDT) e com o candidato ao Senado Ant\u00f4nio Neto (PDT).<\/p>\n<p class=\"Pargrafobsico\" style=\"text-align: justify;\">\u00a0 \u201cNosso sindicato tem aproveitado todas estas oportunidades para reafirmar e fortalecer nossa pauta de reivindica\u00e7\u00f5es, como trabalhadores, servidores e policiais, mostrando a necessidade da retomada da luta pela garantia de nossos direitos, como a revoga\u00e7\u00e3o da EC 95 (emenda do corte dos gastos), revoga\u00e7\u00e3o da reforma trabalhista e reforma fiscal de al\u00edquotas progressivas\u201d, explica Ot\u00e1vio de Oliveira.<\/p>\n<p style=\"text-align: justify;\">\u00a0 O vice-presidente do SINPRF-SP cita a import\u00e2ncia do voto consciente. \u201c\u00c9 de suma import\u00e2ncia que o apoiemos candidaturas que se comprometam em revogar as terr\u00edveis reformas do vampiro Temer\u201d, finalizou.<\/p>\n<\/div>\n","protected":false},"excerpt":{"rendered":"<p>\u00a0 \u00a0Ainda nesta quarta-feira (19), o vice-presidente do SINPRF-SP, Ot\u00e1vio Cardoso de Oliveira, participou juntamente com demais sindicatos e centrais do setor p\u00fablico e privado, de reuni\u00e3o com o candidato \u00e0 presid\u00eancia Ciro Gomes (PDT) e com o candidato ao Senado Ant\u00f4nio Neto (PDT). \u00a0 \u201cNosso sindicato tem aproveitado todas estas oportunidades para reafirmar e [&hellip;]<\/p>\n","protected":false},"author":3,"featured_media":13569,"comment_status":"closed","ping_status":"closed","sticky":false,"template":"","format":"standard","meta":{"footnotes":""},"categories":[1],"tags":[],"class_list":["post-13568","post","type-post","status-publish","format-standard","has-post-thumbnail","hentry","category-noticias-gerais"],"_links":{"self":[{"href":"https:\/\/sinprfsp.org.br\/index.php\/wp-json\/wp\/v2\/posts\/13568","targetHints":{"allow":["GET"]}}],"collection":[{"href":"https:\/\/sinprfsp.org.br\/index.php\/wp-json\/wp\/v2\/posts"}],"about":[{"href":"https:\/\/sinprfsp.org.br\/index.php\/wp-json\/wp\/v2\/types\/post"}],"author":[{"embeddable":true,"href":"https:\/\/sinprfsp.org.br\/index.php\/wp-json\/wp\/v2\/users\/3"}],"replies":[{"embeddable":true,"href":"https:\/\/sinprfsp.org.br\/index.php\/wp-json\/wp\/v2\/comments?post=13568"}],"version-history":[{"count":1,"href":"https:\/\/sinprfsp.org.br\/index.php\/wp-json\/wp\/v2\/posts\/13568\/revisions"}],"predecessor-version":[{"id":13570,"href":"https:\/\/sinprfsp.org.br\/index.php\/wp-json\/wp\/v2\/posts\/13568\/revisions\/13570"}],"wp:featuredmedia":[{"embeddable":true,"href":"https:\/\/sinprfsp.org.br\/index.php\/wp-json\/wp\/v2\/media\/13569"}],"wp:attachment":[{"href":"https:\/\/sinprfsp.org.br\/index.php\/wp-json\/wp\/v2\/media?parent=13568"}],"wp:term":[{"taxonomy":"category","embeddable":true,"href":"https:\/\/sinprfsp.org.br\/index.php\/wp-json\/wp\/v2\/categories?post=13568"},{"taxonomy":"post_tag","embeddable":true,"href":"https:\/\/sinprfsp.org.br\/index.php\/wp-json\/wp\/v2\/tags?post=13568"}],"curies":[{"name":"wp","href":"https:\/\/api.w.org\/{rel}","templated":true}]}}