{"id":13629,"date":"2018-08-13T11:26:18","date_gmt":"2018-08-13T14:26:18","guid":{"rendered":"https:\/\/mjtom.com.br\/site1\/?p=13629"},"modified":"2022-01-07T13:03:20","modified_gmt":"2022-01-07T16:03:20","slug":"sinprf-sp-entrevista-deputado-federal-capitao-augusto-pr-sp","status":"publish","type":"post","link":"https:\/\/sinprfsp.org.br\/index.php\/2018\/08\/13\/sinprf-sp-entrevista-deputado-federal-capitao-augusto-pr-sp\/","title":{"rendered":"SINPRF-SP entrevista deputado federal Capit\u00e3o Augusto (PR-SP)"},"content":{"rendered":"<div class=\"descricao\">\n<p class=\"Pargrafobsico\">A diretoria do Sindicato dos Policiais Rodovi\u00e1rios Federais no Estado de S\u00e3o Paulo (SINPRF-SP), por meio de seu informativo, tem como objetivo oferecer aos seus sindicalizados uma gama de informa\u00e7\u00f5es nos mais variados temas e desta forma, n\u00e3o poderia se furtar em abordar o tema pol\u00edtica.<\/p>\n<p class=\"Pargrafobsico\">A partir desta edi\u00e7\u00e3o, a diretoria do SINPRF-SP oferecer\u00e1 a oportunidade de seus sindicalizados conhecerem melhor a opini\u00e3o dos candidatos que disputar\u00e3o o pleito eleitoral deste ano, pois como entidade representativa temos a miss\u00e3o de auxiliar na forma\u00e7\u00e3o de uma categoria politicamente consciente.\u00a0<\/p>\n<p class=\"Pargrafobsico\">Nesta primeira edi\u00e7\u00e3o, conversamos com o <strong>deputado federal Capit\u00e3o Augusto (PR-SP)<\/strong>.<\/p>\n<p class=\"Pargrafobsico\"><strong>Biografia<\/strong><\/p>\n<p class=\"Pargrafobsico\">Jos\u00e9 Augusto Rosa, popularmente conhecido como Capit\u00e3o Augusto, nasceu na cidade de Ourinhos (SP), \u00e9 militar da reserva e deputado federal, eleito no ano de 2014, pelo Partido Republicano.<\/p>\n<p class=\"Pargrafobsico\">Ingressou na Pol\u00edcia Militar do Estado de S\u00e3o Paulo, em 1988, no 8\u00aa Grupamento de Inc\u00eandios do Corpo de Bombeiros, situado em Santo Andr\u00e9-SP, onde alcan\u00e7ou a 1\u00aa coloca\u00e7\u00e3o na classifica\u00e7\u00e3o geral, podendo dessa forma optar em ser classificado no 2\u00ba Batalh\u00e3o da Pol\u00edcia Militar Rodovi\u00e1ria, sediado em Bauru-SP.<\/p>\n<p class=\"Pargrafobsico\">Concluiu o Curso de Especializa\u00e7\u00e3o em Tr\u00e2nsito Rodovi\u00e1rio, e como foi classificado entre os primeiros colocados, optou em ser classificado no 3\u00ba Pelot\u00e3o da 3\u00aa Cia PM, sediado em Ourinhos-SP.<\/p>\n<p class=\"Pargrafobsico\">Em 1991 foi aprovado e classificado entre os 12.750 candidatos para as 87 vagas iniciais da Academia de Pol\u00edcia Militar do Barro Branco, permanecendo at\u00e9 dezembro de 1994, quando se formou Aspirante a Oficial.<\/p>\n<p class=\"Pargrafobsico\">Em 1995, como Aspirante a Oficial, assumiu o Comando do Policiamento T\u00e1tico M\u00f3vel da Zona Norte da Capital.<\/p>\n<p class=\"Pargrafobsico\">Em dezembro de 1995, foi promovido ao Posto de 2\u00ba Tenente PM, sendo classificado no 31\u00ba Batalh\u00e3o de Pol\u00edcia Militar do Interior, sediado em Ourinhos-SP, onde exerceu v\u00e1rias fun\u00e7\u00f5es, e em 1998 foi promovido a posto de 1\u00ba Tenente PM.<\/p>\n<p class=\"Pargrafobsico\">Em 2009, foi promovido ao Posto Capit\u00e3o PM, exercendo a fun\u00e7\u00e3o de comandante da 1\u00aa Cia do 31\u00baBPM\/I, onde permaneceu at\u00e9 agosto de 2013 e posteriormente, assumiu a Chefia de Se\u00e7\u00e3o de Pessoal. Em 2014, foi eleito como Deputado Federal pelo Estado de S\u00e3o Paulo.<\/p>\n<p class=\"Pargrafobsico\"><strong>SINPRF-SP: Vivemos uma fase pol\u00edtica muito inconstante em nosso pa\u00eds, que traz um retrocesso sem precedentes para a nossa sociedade. Nossa institui\u00e7\u00e3o Pol\u00edcia Rodovi\u00e1ria Federal, inserida neste cen\u00e1rio, viveu uma fase de contingenciamento imposto pelo Governo Federal com redu\u00e7\u00e3o de aproximadamente 40% em sua verba. N\u00f3s do SINPRF-SP, acreditamos que medidas de redu\u00e7\u00e3o de gastos devem sim ser tomadas, mas em \u00e1reas n\u00e3o essenciais \u00e0 nossa sociedade. Qual a opini\u00e3o do senhor sobre este assunto?<\/strong><\/p>\n<p class=\"Pargrafobsico\"><em>Dep. Capit\u00e3o Augusto &#8211; Enfrentamos atualmente uma das piores crises de seguran\u00e7a em nosso pa\u00eds, com perspectiva de batermos o recorde no n\u00famero de homic\u00eddios registrados, chegando a marca de 60 mil ao ano, tendo o crime organizado tomando conta de todos os Estados. Com este cen\u00e1rio, termos um contingenciamento na \u00e1rea da seguran\u00e7a p\u00fablica, principalmente na Pol\u00edcia Rodovi\u00e1ria Federal, \u00e9 algo descabido, haja vista que estamos falando da pol\u00edcia que tem a maior produ\u00e7\u00e3o entre todas as pol\u00edcias, na quantidade de armas apreendidas, de drogas, ve\u00edculos roubados e furtados. <\/em><\/p>\n<p class=\"Pargrafobsico\"><em>Com tantas \u00e1reas em que se pode cortar custos, fazer essa restri\u00e7\u00e3o or\u00e7ament\u00e1ria justamente na \u00e1rea de seguran\u00e7a n\u00e3o d\u00e1 para entender o que o Governo tem em mente.<\/em><\/p>\n<p class=\"Pargrafobsico\"><strong>\u00a0<\/strong><\/p>\n<p class=\"Pargrafobsico\"><strong>SINPRF-SP: Nossa sociedade est\u00e1 vivendo tempos obscuros no que se refere ao respeito por parte do governo aos direitos trabalhistas e previdenci\u00e1rios. Como o senhor se posiciona em rela\u00e7\u00e3o a reforma previdenci\u00e1ria, principalmente em rela\u00e7\u00e3o \u00e0s mudan\u00e7as impostas pelo governo para a categoria policial?<\/strong><\/p>\n<p class=\"Pargrafobsico\"><em>Dep. Capit\u00e3o Augusto &#8211; Sou contra a reforma previdenci\u00e1ria. Estamos vendo distor\u00e7\u00f5es na quest\u00e3o da tributa\u00e7\u00e3o. Na quest\u00e3o da arrecada\u00e7\u00e3o da parte previdenci\u00e1ria, segundo especialistas ela n\u00e3o \u00e9 deficit\u00e1ria e sim superavit\u00e1ria. O problema \u00e9 que o dinheiro que n\u00f3s pagamos para a previd\u00eancia n\u00e3o vai somente para a previd\u00eancia, vai inclusive tamb\u00e9m para o aux\u00edlio reclus\u00e3o. Da\u00ed fica dif\u00edcil realmente fechar as contas. Sem contar que temos empresas milion\u00e1rias, bilion\u00e1rias, que est\u00e3o devendo ao fisco, assim como bancos e grandes empresas de comunica\u00e7\u00e3o, e nada \u00e9 feito a esse respeito. Ent\u00e3o antes de se propor uma reforma previdenci\u00e1ria que atingir\u00e1 diretamente os trabalhadores, que \u00e9 o lado mais fraco nesse elo, \u00e9 preciso primeiro acertar outras quest\u00f5es, como por exemplo, cobrar as d\u00edvidas previdenci\u00e1rias dessas grandes empresas.<\/em><\/p>\n<p class=\"Pargrafobsico\"><em>Desde o come\u00e7o eu digo que minha posi\u00e7\u00e3o \u00e9 que n\u00e3o h\u00e1 que se falar em reforma previdenci\u00e1ria, principalmente na nossa \u00e1rea policial, pois trabalhamos sob condi\u00e7\u00f5es muito adversas, trabalho noturno e somos a parcela da sociedade com menor expectativa de vida. Quererem alterar as regras para a aposentadoria, aumentar a contribui\u00e7\u00e3o previdenci\u00e1ria, como se j\u00e1 n\u00e3o bastasse a quantidade de\u00a0 impostos que pagamos, \u00e9 algo descabido. Primeiro temos que ver outras fontes de arrecada\u00e7\u00e3o, como os grandes devedores, bancos e grandes empresas, antes de querer passar o pacote diretamente para os trabalhadores.<\/em><\/p>\n<p class=\"Pargrafobsico\">\u00a0<\/p>\n<p class=\"Pargrafobsico\"><strong>SINPRF-SP: Neste ano fomos mais uma vez surpreendidos com os devaneios deste governo, ao anunciar que postergaria o pagamento da parcela de nossa reposi\u00e7\u00e3o salarial de janeiro de 2018, prevista em lei.\u00a0 A qual \u00e9 o resultado de longas e dif\u00edceis negocia\u00e7\u00f5es, que foram conduzidas pelo pr\u00f3prio governo federal, por mais de dois anos. N\u00f3s do SINPRF-SP entendemos que esta atitude foi mais uma tentativa de transferir para o servi\u00e7o p\u00fablico a cat\u00e1strofe econ\u00f4mica do pa\u00eds, a qual foi impedida gra\u00e7as \u00e0 sagacidade do sistema sindical que soube utilizar-se dos meios legais para assegurar o direito de seus sindicalizados. Qual a opini\u00e3o do senhor sobre esta quest\u00e3o e tamb\u00e9m sobre a tend\u00eancia de transferir a responsabiliza\u00e7\u00e3o da crise econ\u00f4mica para os servidores p\u00fablicos? <\/strong><\/p>\n<p class=\"Pargrafobsico\"><em>Dep. Capit\u00e3o Augusto &#8211; O governo n\u00e3o poderia alegar que n\u00e3o havia previs\u00e3o para esse gasto na folha de pagamento, j\u00e1 que foi assinado um acordo. Sem contar tamb\u00e9m que a arrecada\u00e7\u00e3o vem batendo recorde, a nossa carga de impostos \u00e9 alt\u00edssima, e foi dado aumento salarial para outros poderes. N\u00e3o se justifica essa restri\u00e7\u00e3o or\u00e7ament\u00e1ria com o executivo, muito menos deixando de cumprir o que foi acordado, que \u00e9 somente a recomposi\u00e7\u00e3o inflacion\u00e1ria. N\u00e3o estamos falando de aumento salarial, e sim recomposi\u00e7\u00e3o inflacion\u00e1ria. \u00c9 mais uma quest\u00e3o de prioridade do Governo que deixa claro que o mesmo n\u00e3o est\u00e1 tratando de forma priorit\u00e1ria a quest\u00e3o da seguran\u00e7a. <\/em><\/p>\n<p class=\"Pargrafobsico\"><em>A respeito de se colocar a responsabilidade da crise econ\u00f4mica aos servidores p\u00fablicos, esta \u00e9 uma linha de pensamento, em que alguns setores insistem em colocar os problemas do Brasil nas costas dos servidores. Precisamos esclarecer a popula\u00e7\u00e3o sobre este assunto. Essa quest\u00e3o da demoniza\u00e7\u00e3o dos servidores p\u00fablicos \u00e9 na realidade para tapar o sol com a peneira, para n\u00e3o mostrar a incapacidade do governo em gerir o recurso, como constatamos durante as olimp\u00edadas, a quantidade de recursos que foram mal investidos. <\/em><\/p>\n<p class=\"Pargrafobsico\"><em>O que deveria ser revisto \u00e9 a quest\u00e3o da gest\u00e3o, mas eles preferem de uma forma mais f\u00e1cil, transferir todo o problema da previd\u00eancia para os servidores p\u00fablicos, mas esquecem que somos n\u00f3s que fazemos a presta\u00e7\u00e3o dos servi\u00e7os p\u00fablicos, em especial na nossa \u00e1rea, que \u00e9 da seguran\u00e7a p\u00fablica.<\/em><\/p>\n<p class=\"Pargrafobsico\">\u00a0<\/p>\n<p class=\"Pargrafobsico\"><strong>SINPRF-SP: Nosso presidente F\u00e1bio Lu\u00eds de Almeida em uma a\u00e7\u00e3o inovadora, apresentou den\u00fancia formal e fundamentada \u00e0 Organiza\u00e7\u00e3o Internacional do Trabalho, em julho de 2017, sobre o desrespeito do governo brasileiro em rela\u00e7\u00e3o aos direitos dos servidores p\u00fablicos, previstos na Conven\u00e7\u00e3o 151, que mesmo o pa\u00eds sendo signat\u00e1rio, n\u00e3o cumpre determina\u00e7\u00f5es como data-base, reposi\u00e7\u00e3o anual de sal\u00e1rio, diss\u00eddio e direito \u00e0 greve. E que por for\u00e7a de julgamento do STF, que considerou que servidores p\u00fablicos civis da \u00e1rea de Seguran\u00e7a P\u00fablica n\u00e3o t\u00eam direito \u00e0 greve, conseguiu mais uma vez encurralar nossa categoria em uma futura movimenta\u00e7\u00e3o em defesa de seus direitos, desrespeitando mais uma vez direitos garantidos em nossa Constitui\u00e7\u00e3o. Como nosso representante na C\u00e2mara dos Deputados, qual a opini\u00e3o do senhor sobre este tema? <\/strong><\/p>\n<p class=\"Pargrafobsico\"><em>Dep. Capit\u00e3o Augusto &#8211; Primeiramente gostaria de parabenizar o presidente F\u00e1bio Lu\u00eds de Almeida, que \u00e9 muito atuante e est\u00e1 fazendo um excepcional trabalho. Eu j\u00e1 fiz um discurso na C\u00e2mara dos Deputados, falando sobre a quest\u00e3o da essencialidade. Para mim quanto mais essencial for um servi\u00e7o, mais ele deveria ser reconhecido e valorizado, e isso aplica-se diretamente a n\u00f3s na quest\u00e3o da seguran\u00e7a. \u00c9 essencial os \u00f3rg\u00e3os de seguran\u00e7a no Brasil, por\u00e9m cada vez mais imputam a n\u00f3s a falta de direitos. Dos 57 direitos trabalhistas previstos, os policiais militares n\u00e3o possuem 52. Os Policiais Rodovi\u00e1rios Federais apesar do fato de serem civis, acabam por analogia sofrendo com a retirada de direitos trabalhistas, previstos pela Constitui\u00e7\u00e3o Federal. Essa \u00e9 uma forma de tentar intimidar, enfraquecer, e evitar que os movimentos legais que reivindicam direitos, sejam adotados no Brasil. Essa \u00e9 forma de retalia\u00e7\u00e3o, de inibir o direito dos Policiais Rodovi\u00e1rios Federais de reivindicarem reposi\u00e7\u00e3o inflacion\u00e1ria, salarial. <\/em><\/p>\n<p class=\"Pargrafobsico\">\u00a0<\/p>\n<p class=\"Pargrafobsico\"><strong>SINPRF-SP: Deputado Capit\u00e3o Augusto o senhor como policial militar sente na pele a manipula\u00e7\u00e3o da m\u00eddia e de alguns setores de nossa sociedade no sentido de posicionar a opini\u00e3o p\u00fablica contra a categoria policial. Qual a opini\u00e3o do senhor a respeito deste problema? <\/strong><\/p>\n<p class=\"Pargrafobsico\"><em>Dep. Capit\u00e3o Augusto &#8211; Primeiro lamento a postura da nossa imprensa. Eu j\u00e1 estive em outros pa\u00edses como Canad\u00e1, Alemanha, Estados Unidos, onde vemos o quanto a imprensa enaltece a figura do policial. A quest\u00e3o dos desvios que s\u00e3o pontuais, ningu\u00e9m est\u00e1 querendo proteger, muito pelo contr\u00e1rio, n\u00f3s achamos que o policial que se envolve com corrup\u00e7\u00e3o, quadrilha tem que ser punido muito mais rigorosamente, porque tais condutas mancham a imagem dos outros 99,9% dos bons policiais. N\u00f3s n\u00e3o protegemos bandidos dentro de nossas institui\u00e7\u00f5es, mas o que a imprensa faz, \u00e9 apresentar tais fatos \u00e0 sociedade como se os mesmos fossem a regra, desmoralizando por completo as institui\u00e7\u00f5es policiais, e o \u00fanico que ganha com isso, s\u00e3o as organiza\u00e7\u00f5es criminosas.\u00a0 A impress\u00e3o n\u00edtida que nos d\u00e1 \u00e9 que tanto as institui\u00e7\u00f5es de direitos humanos, quanto \u00e0 imprensa do Brasil, est\u00e3o a servi\u00e7o do crime organizado. \u00c9 exatamente assim, porque a \u00fanica institui\u00e7\u00e3o que ganha com o enfraquecimento e desmoraliza\u00e7\u00e3o das institui\u00e7\u00f5es policiais s\u00e3o os marginais do crime organizado. Se eles adotam essa postura de pegar a exce\u00e7\u00e3o e converter como se fosse uma regra, desmoralizando e enfraquecendo as institui\u00e7\u00f5es, eles est\u00e3o ajudando o crime organizado. Ent\u00e3o essas duas intui\u00e7\u00f5es, tanto a de Direitos Humanos, quanto a imprensa est\u00e3o a servi\u00e7o do crime organizado no Brasil. <\/em><\/p>\n<p class=\"Pargrafobsico\"><em>\u00a0<\/em><\/p>\n<p class=\"Pargrafobsico\"><strong>SINPRF-SP: A lavratura do Termo Circunstanciado de Ocorr\u00eancia por parte das pol\u00edcias ostensivas \u00e9 um tema que gera muitas discuss\u00f5es, principalmente por parte das pol\u00edcias judici\u00e1rias. Qual a opini\u00e3o do senhor sobre este tema? <\/strong><\/p>\n<p class=\"Pargrafobsico\"><em>Dep. Capit\u00e3o Augusto &#8211; Esta \u00e9 uma discuss\u00e3o corporativista que est\u00e1 prejudicando o Brasil como um todo. S\u00f3 no Brasil que n\u00f3s temos duas meia pol\u00edcias, uma fazendo a parte preventiva, ostensiva, de repress\u00e3o imediata e a outra fazendo a parte cartor\u00e1ria. Este modelo s\u00f3 \u00e9 utilizado no Brasil, Guin\u00e9 Bissau e Cabo Verde, para n\u00f3s vermos como estamos na contram\u00e3o do que acontece no mundo. Sou plenamente favor\u00e1vel, n\u00e3o s\u00f3 ao Termo Circunstanciado, mas sim ao Ciclo Completo de Pol\u00edcia, que tem que ser dado para a Pol\u00edcia Militar, para a Pol\u00edcia Rodovi\u00e1ria Federal. Esta \u00e9 uma briga corporativista dos delegados tanto da Pol\u00edcia Federal, quanto da Pol\u00edcia Civil, contra a Pol\u00edcia Rodovi\u00e1ria Federal e Pol\u00edcia Militar, e quem est\u00e1 perdendo \u00e9 a sociedade. Porque a partir do momento em que pudermos fazer um Termo Circunstanciado, j\u00e1 ouvindo as partes e as liberando do local, sem ter que nos deslocarmos por quil\u00f4metros e quil\u00f4metros de dist\u00e2ncia, chegando em uma delegacia, que provavelmente estar\u00e1 atendendo outras ocorr\u00eancias, sabendo que essa ocorr\u00eancia se arrastar\u00e1 por tr\u00eas, quatro, cinco horas ou mais. Temos v\u00e1rios registros de viaturas que chegaram a ficar parada em uma delegacia por quase 20 horas, para apresentar uma ocorr\u00eancia, sendo que enquanto isso \u00e9 a sociedade que paga pela falta de policiais tanto na rodovia, quanto nas ruas. Essa \u00e9 realmente uma briga que precisamos resolver, eu encampo essa quest\u00e3o em Bras\u00edlia, n\u00e3o somente o Termo Circunstanciado, mas tamb\u00e9m o Ciclo Completo, que s\u00e3o um avan\u00e7o para as institui\u00e7\u00f5es policiais, e quem ganhar\u00e1 ser\u00e1 a sociedade, por isso digo que j\u00e1 passou da hora de implantarmos essa mudan\u00e7a de uma vez por todas.<\/em><\/p>\n<p class=\"Pargrafobsico\"><strong>\u00a0<\/strong><\/p>\n<p class=\"Pargrafobsico\"><strong>SINPRF-SP: Deputado estamos enfrentando tempos obscuros em nossa pol\u00edtica. Para o senhor qual o futuro pol\u00edtico de nosso pa\u00eds? <\/strong><\/p>\n<p class=\"Pargrafobsico\"><em>\u00a0Dep. Capit\u00e3o Augusto &#8211; Eu estou muito otimista, porque apesar de tudo que vemos no Brasil, ainda somos a oitava pot\u00eancia mundial. Apenas cinco pa\u00edses no mundo possuem tecnologia para fazer avi\u00f5es e lan\u00e7ar sat\u00e9lites, e n\u00f3s somos um deles. Ent\u00e3o mesmo com toda essa corrup\u00e7\u00e3o, com todos os problemas pol\u00edticos, briga entre os Poderes, incompet\u00eancia na gest\u00e3o do dinheiro p\u00fablico, ainda assim n\u00f3s somos a 8\u00aa Potencial Mundial.\u00a0 Agora com a Opera\u00e7\u00e3o lava Jato, com a pris\u00e3o de pol\u00edticos, que at\u00e9 ent\u00e3o n\u00e3o se via, com a maior participa\u00e7\u00e3o da sociedade, principalmente por meio das redes sociais, acompanhando a vida dos pol\u00edticos, acredito sim que haver\u00e1 mudan\u00e7a substancial tanto no Poder Legislativo, quanto no Poder Executivo. Ent\u00e3o este \u00e9 um primeiro passo para come\u00e7armos a melhorar o Brasil no aspecto pol\u00edtico. <\/em><\/p>\n<p class=\"Pargrafobsico\">\u00a0<\/p>\n<p>\u00a0<\/p>\n<p class=\"Pargrafobsico\"><strong><span>\u00a0<\/span><\/strong><\/p>\n<\/div>\n","protected":false},"excerpt":{"rendered":"<p>A diretoria do Sindicato dos Policiais Rodovi\u00e1rios Federais no Estado de S\u00e3o Paulo (SINPRF-SP), por meio de seu informativo, tem como objetivo oferecer aos seus sindicalizados uma gama de informa\u00e7\u00f5es nos mais variados temas e desta forma, n\u00e3o poderia se furtar em abordar o tema pol\u00edtica. A partir desta edi\u00e7\u00e3o, a diretoria do SINPRF-SP oferecer\u00e1 [&hellip;]<\/p>\n","protected":false},"author":3,"featured_media":13630,"comment_status":"closed","ping_status":"closed","sticky":false,"template":"","format":"standard","meta":{"footnotes":""},"categories":[41],"tags":[],"class_list":["post-13629","post","type-post","status-publish","format-standard","has-post-thumbnail","hentry","category-noticias-em-destaque"],"_links":{"self":[{"href":"https:\/\/sinprfsp.org.br\/index.php\/wp-json\/wp\/v2\/posts\/13629","targetHints":{"allow":["GET"]}}],"collection":[{"href":"https:\/\/sinprfsp.org.br\/index.php\/wp-json\/wp\/v2\/posts"}],"about":[{"href":"https:\/\/sinprfsp.org.br\/index.php\/wp-json\/wp\/v2\/types\/post"}],"author":[{"embeddable":true,"href":"https:\/\/sinprfsp.org.br\/index.php\/wp-json\/wp\/v2\/users\/3"}],"replies":[{"embeddable":true,"href":"https:\/\/sinprfsp.org.br\/index.php\/wp-json\/wp\/v2\/comments?post=13629"}],"version-history":[{"count":1,"href":"https:\/\/sinprfsp.org.br\/index.php\/wp-json\/wp\/v2\/posts\/13629\/revisions"}],"predecessor-version":[{"id":13631,"href":"https:\/\/sinprfsp.org.br\/index.php\/wp-json\/wp\/v2\/posts\/13629\/revisions\/13631"}],"wp:featuredmedia":[{"embeddable":true,"href":"https:\/\/sinprfsp.org.br\/index.php\/wp-json\/wp\/v2\/media\/13630"}],"wp:attachment":[{"href":"https:\/\/sinprfsp.org.br\/index.php\/wp-json\/wp\/v2\/media?parent=13629"}],"wp:term":[{"taxonomy":"category","embeddable":true,"href":"https:\/\/sinprfsp.org.br\/index.php\/wp-json\/wp\/v2\/categories?post=13629"},{"taxonomy":"post_tag","embeddable":true,"href":"https:\/\/sinprfsp.org.br\/index.php\/wp-json\/wp\/v2\/tags?post=13629"}],"curies":[{"name":"wp","href":"https:\/\/api.w.org\/{rel}","templated":true}]}}