{"id":13737,"date":"2018-06-04T11:31:43","date_gmt":"2018-06-04T14:31:43","guid":{"rendered":"https:\/\/mjtom.com.br\/site1\/?p=13737"},"modified":"2022-01-07T13:03:19","modified_gmt":"2022-01-07T16:03:19","slug":"prfs-de-sao-paulo-sao-elogiados-pelo-comando-do-exercito","status":"publish","type":"post","link":"https:\/\/sinprfsp.org.br\/index.php\/2018\/06\/04\/prfs-de-sao-paulo-sao-elogiados-pelo-comando-do-exercito\/","title":{"rendered":"PRFs de S\u00e3o Paulo s\u00e3o elogiados pelo Comando do Ex\u00e9rcito"},"content":{"rendered":"<div class=\"descricao\">\n<p class=\"Pargrafobsico\" style=\"text-align: justify;\">A Diretoria do SINPRF-SP parabeniza o efetivo da PRF de S\u00e3o Paulo pelo extraordin\u00e1rio trabalho desenvolvido na greve dos caminhoneiros. No auge da greve, o efetivo recebeu elogios vindos do comando do Ex\u00e9rcito Brasileiro, em reconhecimento \u00e0 compet\u00eancia do trabalho dos valorosos PRFs. \u201cEste \u00e9 o reconhecimento da compet\u00eancia de nossos policiais. Aproveito para parabenizar cada policial que desenvolve seu trabalho com dedica\u00e7\u00e3o e verdadeira maestria\u201d, disse o presidente do SINPRF-SP, F\u00e1bio Lu\u00eds.<\/p>\n<p class=\"Pargrafobsico\" style=\"text-align: justify;\">Em mensagem de voz enviada ao Diretor Geral da PRF, Renato Dias, o Comandante Miguel Dau, Diretor de Opera\u00e7\u00f5es do Aeroporto de Guarulhos,\u00a0 parabenizou os Policiais Rodovi\u00e1rios Federais de S\u00e3o Paulo pelo trabalho desenvolvido.\u00a0 \u201cEstou fazendo este contato para deixar registrado o meu reconhecimento e a minha gratid\u00e3o \u00e0 Pol\u00edcia Rodovi\u00e1ria Federal, em especial, \u00e0 Pol\u00edcia Rodovi\u00e1ria Federal de S\u00e3o Paulo, na pessoa do Inspetor Cordelli e toda a sua equipe, que fizeram uma opera\u00e7\u00e3o espetacular no dia de hoje, no transporte de 60 mil litros de diesel e 5 mil litros de gasolina, que vai ser o suficiente para o aeroporto funcionar at\u00e9 a pr\u00f3xima sexta-feira\u201d.<\/p>\n<p class=\"Pargrafobsico\" style=\"text-align: justify;\">Comandante Miguel Dau cita a compet\u00eancia da PRF de S\u00e3o Paulo. \u201cA compet\u00eancia da sua equipe daqui de S\u00e3o Paulo fez a diferen\u00e7a e tem feito a diferen\u00e7a no nosso aeroporto e no nosso dia a dia, n\u00e3o s\u00f3 neste epis\u00f3dio. Segue aqui, em nome de todo o Aeroporto de Guarulhos, o nosso reconhecimento e a nossa gratid\u00e3o pela compet\u00eancia e o apoio de sempre\u201d, concluiu.<\/p>\n<p class=\"Pargrafobsico\" style=\"text-align: justify;\">Em outro v\u00eddeo, General Ramos,\u00a0 do Comando Militar do Sudeste, ao lado do Superintendente da PRF-SP, Inspetor Cordelli, fala sobre o sucesso da opera\u00e7\u00e3o chamada Ruptura, realizada em decorr\u00eancia da greve dos caminhoneiros, a qual desobstruiu a Rodovia R\u00e9gis Bittencourt bem como a Rodovia Presidente Dutra. Em um dos trechos, General Ramos diz: \u201c&#8230;s\u00e3o homens e mulheres dedicados ao Brasil, conscientes e est\u00e3o o tempo todo prontos para trabalhar em opera\u00e7\u00f5es interagentes. Feliz \u00e9 o pa\u00eds que tem uma Pol\u00edcia Rodovi\u00e1ria Federal t\u00e3o comprometida e dedicada como esta. Parab\u00e9ns Policiais Rodovi\u00e1rios Federais\u201d, disse.<\/p>\n<\/div>\n","protected":false},"excerpt":{"rendered":"<p>A Diretoria do SINPRF-SP parabeniza o efetivo da PRF de S\u00e3o Paulo pelo extraordin\u00e1rio trabalho desenvolvido na greve dos caminhoneiros. No auge da greve, o efetivo recebeu elogios vindos do comando do Ex\u00e9rcito Brasileiro, em reconhecimento \u00e0 compet\u00eancia do trabalho dos valorosos PRFs. \u201cEste \u00e9 o reconhecimento da compet\u00eancia de nossos policiais. Aproveito para parabenizar [&hellip;]<\/p>\n","protected":false},"author":3,"featured_media":13738,"comment_status":"closed","ping_status":"closed","sticky":false,"template":"","format":"standard","meta":{"footnotes":""},"categories":[41],"tags":[],"class_list":["post-13737","post","type-post","status-publish","format-standard","has-post-thumbnail","hentry","category-noticias-em-destaque"],"_links":{"self":[{"href":"https:\/\/sinprfsp.org.br\/index.php\/wp-json\/wp\/v2\/posts\/13737","targetHints":{"allow":["GET"]}}],"collection":[{"href":"https:\/\/sinprfsp.org.br\/index.php\/wp-json\/wp\/v2\/posts"}],"about":[{"href":"https:\/\/sinprfsp.org.br\/index.php\/wp-json\/wp\/v2\/types\/post"}],"author":[{"embeddable":true,"href":"https:\/\/sinprfsp.org.br\/index.php\/wp-json\/wp\/v2\/users\/3"}],"replies":[{"embeddable":true,"href":"https:\/\/sinprfsp.org.br\/index.php\/wp-json\/wp\/v2\/comments?post=13737"}],"version-history":[{"count":1,"href":"https:\/\/sinprfsp.org.br\/index.php\/wp-json\/wp\/v2\/posts\/13737\/revisions"}],"predecessor-version":[{"id":13739,"href":"https:\/\/sinprfsp.org.br\/index.php\/wp-json\/wp\/v2\/posts\/13737\/revisions\/13739"}],"wp:featuredmedia":[{"embeddable":true,"href":"https:\/\/sinprfsp.org.br\/index.php\/wp-json\/wp\/v2\/media\/13738"}],"wp:attachment":[{"href":"https:\/\/sinprfsp.org.br\/index.php\/wp-json\/wp\/v2\/media?parent=13737"}],"wp:term":[{"taxonomy":"category","embeddable":true,"href":"https:\/\/sinprfsp.org.br\/index.php\/wp-json\/wp\/v2\/categories?post=13737"},{"taxonomy":"post_tag","embeddable":true,"href":"https:\/\/sinprfsp.org.br\/index.php\/wp-json\/wp\/v2\/tags?post=13737"}],"curies":[{"name":"wp","href":"https:\/\/api.w.org\/{rel}","templated":true}]}}