{"id":13745,"date":"2018-05-29T11:32:58","date_gmt":"2018-05-29T14:32:58","guid":{"rendered":"https:\/\/mjtom.com.br\/site1\/?p=13745"},"modified":"2022-01-07T13:03:19","modified_gmt":"2022-01-07T16:03:19","slug":"comunicado-feriado-corpus-christi","status":"publish","type":"post","link":"https:\/\/sinprfsp.org.br\/index.php\/2018\/05\/29\/comunicado-feriado-corpus-christi\/","title":{"rendered":"Comunicado Feriado Corpus Christi"},"content":{"rendered":"<div class=\"descricao\">\n<p style=\"text-align: justify;\"><span>A diretoria do SINPRF-SP informa que em virtude dos problemas decorrentes da falta de combust\u00edvel, a qual est\u00e1 afetando diretamente o transporte de seus funcion\u00e1rios e de seus diretores, o recesso do feriado de Corpus Christi ser\u00e1 estendido \u00e0 esta quarta-feira (30). Desta forma o SINPRF-SP n\u00e3o ter\u00e1 expediente entre os dias 30 de maio e 01 de junho. Suas atividades ser\u00e3o retomadas no dia 04\/06\/2018 (segunda-feira), a partir das 8h.<\/span><\/p>\n<p style=\"text-align: justify;\"><span>\u00a0<\/span>Durante este per\u00edodo, estar\u00e3o de plant\u00e3o:<\/p>\n<p style=\"text-align: justify;\"><strong><span>Presidente F\u00e1bio Lu\u00eds de Almeida\u00a0<\/span><\/strong><\/p>\n<p style=\"text-align: justify;\"><span>Fone: (11) 95248-0505<\/span><\/p>\n<p style=\"text-align: justify;\"><strong><span>Vice-Presidente: Ot\u00e1vio Jos\u00e9 Cardoso de Oliveira<\/span><\/strong><\/p>\n<p style=\"text-align: justify;\"><span>Fone: (11) 96436-5511<\/span><\/p>\n<p style=\"text-align: justify;\"><strong><span>Diretor Jur\u00eddico: S\u00e9rgio Manuel de Castro<\/span><\/strong><\/p>\n<p style=\"text-align: justify;\"><span>Fone: (11) 94130-6056<\/span><\/p>\n<p style=\"text-align: justify;\"><strong><span>Diretor Jur\u00eddico Suplente: Denilson Moura da Silva<\/span><\/strong><\/p>\n<p style=\"text-align: justify;\"><span>Fone: (11) 94787-9527<\/span><\/p>\n<p style=\"text-align: justify;\"><strong><span>Diretor Social Suplente: Mauro Celso de Oliveira Abdalla<\/span><\/strong><\/p>\n<p style=\"text-align: justify;\"><span>Fone: (11) 98201-6405<\/span><\/p>\n<p style=\"text-align: justify;\"><strong>Plant\u00e3o Jur\u00eddico:<\/strong><\/p>\n<p style=\"text-align: justify;\"><span>Dr. Rafael Gomes Ara\u00fajo<\/span><\/p>\n<p style=\"text-align: justify;\"><span>Fone: (11) 99480-6681 \u2013\u00a0<strong><span>Central de Flagrantes<\/span><\/strong><\/span><\/p>\n<\/div>\n","protected":false},"excerpt":{"rendered":"<p>A diretoria do SINPRF-SP informa que em virtude dos problemas decorrentes da falta de combust\u00edvel, a qual est\u00e1 afetando diretamente o transporte de seus funcion\u00e1rios e de seus diretores, o recesso do feriado de Corpus Christi ser\u00e1 estendido \u00e0 esta quarta-feira (30). Desta forma o SINPRF-SP n\u00e3o ter\u00e1 expediente entre os dias 30 de maio [&hellip;]<\/p>\n","protected":false},"author":3,"featured_media":13746,"comment_status":"closed","ping_status":"closed","sticky":false,"template":"","format":"standard","meta":{"footnotes":""},"categories":[1],"tags":[],"class_list":["post-13745","post","type-post","status-publish","format-standard","has-post-thumbnail","hentry","category-noticias-gerais"],"_links":{"self":[{"href":"https:\/\/sinprfsp.org.br\/index.php\/wp-json\/wp\/v2\/posts\/13745","targetHints":{"allow":["GET"]}}],"collection":[{"href":"https:\/\/sinprfsp.org.br\/index.php\/wp-json\/wp\/v2\/posts"}],"about":[{"href":"https:\/\/sinprfsp.org.br\/index.php\/wp-json\/wp\/v2\/types\/post"}],"author":[{"embeddable":true,"href":"https:\/\/sinprfsp.org.br\/index.php\/wp-json\/wp\/v2\/users\/3"}],"replies":[{"embeddable":true,"href":"https:\/\/sinprfsp.org.br\/index.php\/wp-json\/wp\/v2\/comments?post=13745"}],"version-history":[{"count":1,"href":"https:\/\/sinprfsp.org.br\/index.php\/wp-json\/wp\/v2\/posts\/13745\/revisions"}],"predecessor-version":[{"id":13747,"href":"https:\/\/sinprfsp.org.br\/index.php\/wp-json\/wp\/v2\/posts\/13745\/revisions\/13747"}],"wp:featuredmedia":[{"embeddable":true,"href":"https:\/\/sinprfsp.org.br\/index.php\/wp-json\/wp\/v2\/media\/13746"}],"wp:attachment":[{"href":"https:\/\/sinprfsp.org.br\/index.php\/wp-json\/wp\/v2\/media?parent=13745"}],"wp:term":[{"taxonomy":"category","embeddable":true,"href":"https:\/\/sinprfsp.org.br\/index.php\/wp-json\/wp\/v2\/categories?post=13745"},{"taxonomy":"post_tag","embeddable":true,"href":"https:\/\/sinprfsp.org.br\/index.php\/wp-json\/wp\/v2\/tags?post=13745"}],"curies":[{"name":"wp","href":"https:\/\/api.w.org\/{rel}","templated":true}]}}