{"id":13808,"date":"2018-10-20T11:36:25","date_gmt":"2018-10-20T14:36:25","guid":{"rendered":"https:\/\/mjtom.com.br\/site1\/?p=13808"},"modified":"2022-01-07T13:03:18","modified_gmt":"2022-01-07T16:03:18","slug":"indenizacao-de-ferias-de-aposentados","status":"publish","type":"post","link":"https:\/\/sinprfsp.org.br\/index.php\/2018\/10\/20\/indenizacao-de-ferias-de-aposentados\/","title":{"rendered":"Indeniza\u00e7\u00e3o de F\u00e9rias de Aposentados"},"content":{"rendered":"<div class=\"descricao\">\n<p style=\"text-align: justify;\"><span style=\"font-family: arial,helvetica,sans-serif; font-size: medium;\">Em Fevereiro o Sindicato havia divulgado aqui no site mais uma conquista de direitos: a concess\u00e3o de f\u00e9rias baseada em uma nova forma de contagem de interst\u00edcios aquisitivos (<a href=\"http:\/\/sinprfsp.com.br\/plus\/modulos\/noticias\/ler.php?cdnoticia=624\">http:\/\/sinprfsp.com.br\/plus\/modulos\/noticias\/ler.php?cdnoticia=624<\/a>). Gra\u00e7as a uma decis\u00e3o judicial do sistema sindical, a nova forma leva em considera\u00e7\u00e3o a data de ingresso, assim, as f\u00e9rias do colega que entrou em julho passa a ser contada de Julho a Julho. Com isso corrige-se a perda dos meses iniciais para todas as turmas. <br \/><\/span><\/p>\n<p style=\"text-align: justify;\"><span style=\"font-family: arial,helvetica,sans-serif; font-size: medium;\">Para quem est\u00e1 na ativa, isso n\u00e3o muda muito pois os chefes continuam com a prerrogativa de autorizar (ou negar) os per\u00edodos solicitados, mas para quem est\u00e1 aposentado a menos de 5 anos (por conta da barreira da prescri\u00e7\u00e3o quinquenal que a lei estabelece) ou em vistas de se aposentar, a mudan\u00e7a positiva ser\u00e1 sentida no bolso.<\/span><\/p>\n<p style=\"text-align: justify;\"><span style=\"font-family: arial,helvetica,sans-serif; font-size: medium;\">Na semana passada (dia 11\/04) foi assinada pelo CGRH a primeira Decis\u00e3o Administrativa de um colega de S\u00e3o Paulo deferindo o pagamento de uma indeniza\u00e7\u00e3o nestes moldes. O valor vai ser pago na modalidade \u201cexerc\u00edcios anteriores\u201d, mas se n\u00e3o fosse a nossa mobiliza\u00e7\u00e3o este dinheiro estaria perdido.<\/span><\/p>\n<p style=\"text-align: justify;\"><span style=\"font-family: arial,helvetica,sans-serif; font-size: medium;\">Nem todos os colegas aposentados ter\u00e3o algum valor a ser indenizado (quem tirou as f\u00e9rias e se aposentou no primeiro semestre n\u00e3o iniciou um novo interst\u00edcio aquisitivo), mas o SINPRF-SP est\u00e1 protocolando um requerimento solicitando que a Regional revise todos os processos de aposentadoria dos \u00faltimos 5 anos para que o c\u00e1lculo seja feito com a nova metodologia.<\/span><\/p>\n<p style=\"text-align: justify;\"><span style=\"font-family: arial,helvetica,sans-serif; font-size: medium;\">Para est\u00e1 em vias de se aposentar fica a sugest\u00e3o de n\u00e3o tirar as f\u00e9rias do ano e receber todo o valor de forma indenizada no m\u00eas da aposentadoria. E qualquer d\u00favida estamos sempre \u00e0 disposi\u00e7\u00e3o para ajudar.<\/span><\/p>\n<p style=\"text-align: justify;\"><span style=\"font-family: arial,helvetica,sans-serif; font-size: medium;\">Bom dia a todos e<\/span><\/p>\n<p style=\"text-align: justify;\"><span style=\"font-family: arial,helvetica,sans-serif; font-size: medium;\">Sauda\u00e7\u00f5es Previdenci\u00e1rias.<\/span><\/p>\n<\/div>\n","protected":false},"excerpt":{"rendered":"<p>Em Fevereiro o Sindicato havia divulgado aqui no site mais uma conquista de direitos: a concess\u00e3o de f\u00e9rias baseada em uma nova forma de contagem de interst\u00edcios aquisitivos (http:\/\/sinprfsp.com.br\/plus\/modulos\/noticias\/ler.php?cdnoticia=624). Gra\u00e7as a uma decis\u00e3o judicial do sistema sindical, a nova forma leva em considera\u00e7\u00e3o a data de ingresso, assim, as f\u00e9rias do colega que entrou em [&hellip;]<\/p>\n","protected":false},"author":3,"featured_media":13809,"comment_status":"closed","ping_status":"closed","sticky":false,"template":"","format":"standard","meta":{"footnotes":""},"categories":[1],"tags":[],"class_list":["post-13808","post","type-post","status-publish","format-standard","has-post-thumbnail","hentry","category-noticias-gerais"],"_links":{"self":[{"href":"https:\/\/sinprfsp.org.br\/index.php\/wp-json\/wp\/v2\/posts\/13808","targetHints":{"allow":["GET"]}}],"collection":[{"href":"https:\/\/sinprfsp.org.br\/index.php\/wp-json\/wp\/v2\/posts"}],"about":[{"href":"https:\/\/sinprfsp.org.br\/index.php\/wp-json\/wp\/v2\/types\/post"}],"author":[{"embeddable":true,"href":"https:\/\/sinprfsp.org.br\/index.php\/wp-json\/wp\/v2\/users\/3"}],"replies":[{"embeddable":true,"href":"https:\/\/sinprfsp.org.br\/index.php\/wp-json\/wp\/v2\/comments?post=13808"}],"version-history":[{"count":1,"href":"https:\/\/sinprfsp.org.br\/index.php\/wp-json\/wp\/v2\/posts\/13808\/revisions"}],"predecessor-version":[{"id":13810,"href":"https:\/\/sinprfsp.org.br\/index.php\/wp-json\/wp\/v2\/posts\/13808\/revisions\/13810"}],"wp:featuredmedia":[{"embeddable":true,"href":"https:\/\/sinprfsp.org.br\/index.php\/wp-json\/wp\/v2\/media\/13809"}],"wp:attachment":[{"href":"https:\/\/sinprfsp.org.br\/index.php\/wp-json\/wp\/v2\/media?parent=13808"}],"wp:term":[{"taxonomy":"category","embeddable":true,"href":"https:\/\/sinprfsp.org.br\/index.php\/wp-json\/wp\/v2\/categories?post=13808"},{"taxonomy":"post_tag","embeddable":true,"href":"https:\/\/sinprfsp.org.br\/index.php\/wp-json\/wp\/v2\/tags?post=13808"}],"curies":[{"name":"wp","href":"https:\/\/api.w.org\/{rel}","templated":true}]}}