{"id":13869,"date":"2018-02-22T11:39:51","date_gmt":"2018-02-22T14:39:51","guid":{"rendered":"https:\/\/mjtom.com.br\/site1\/?p=13869"},"modified":"2022-01-07T13:03:18","modified_gmt":"2022-01-07T16:03:18","slug":"sindicalizados-beneficiados-na-acao-do-pss-devem-enviar-documentacao-com-urgencia-ao-sinprf-sp","status":"publish","type":"post","link":"https:\/\/sinprfsp.org.br\/index.php\/2018\/02\/22\/sindicalizados-beneficiados-na-acao-do-pss-devem-enviar-documentacao-com-urgencia-ao-sinprf-sp\/","title":{"rendered":"Sindicalizados beneficiados na a\u00e7\u00e3o do PSS devem enviar documenta\u00e7\u00e3o com urg\u00eancia ao SINPRF-SP"},"content":{"rendered":"<div class=\"descricao\">\n<p class=\"Pargrafobsico\">Conforme j\u00e1 divulgado amplamente pela diretoria do SINPRF-SP por meio dos canais de comunica\u00e7\u00e3o do sindicato, a a\u00e7\u00e3o judicial referente \u00e0 indeniza\u00e7\u00e3o pelo desconto indevido do PSS sobre 1\/3 de f\u00e9rias, no per\u00edodo entre 2007 e 2012, encontra-se na fase de execu\u00e7\u00e3o e para o devido pagamento se faz necess\u00e1rio a valida\u00e7\u00e3o do contrato individual bem como da procura\u00e7\u00e3o por parte dos 589 sindicalizados habilitados na a\u00e7\u00e3o.<\/p>\n<p class=\"Pargrafobsico\">Um fato preocupante \u00e9 que muitos sindicalizados ainda n\u00e3o enviaram a documenta\u00e7\u00e3o. De acordo com o presidente do SINPRF-SP, F\u00e1bio Lu\u00eds, dos 589 sindicalizados habilitados, apenas 217 enviaram as procura\u00e7\u00f5es para valida\u00e7\u00e3o. \u201cSolicitamos encarecidamente aos colegas que n\u00e3o enviaram a documenta\u00e7\u00e3o, que ainda o fa\u00e7am com certa brevidade para que a execu\u00e7\u00e3o da a\u00e7\u00e3o n\u00e3o seja atrasada\u201d, explicou.<\/p>\n<p class=\"Pargrafobsico\"><strong>Forma de envio<\/strong><\/p>\n<p class=\"Pargrafobsico\">A respeito das assinaturas, as mesmas n\u00e3o precisam ter firma reconhecida. Aos sindicalizados que forem enviar a documenta\u00e7\u00e3o pelos correios, a orienta\u00e7\u00e3o da diretoria \u00e9 que o fa\u00e7a mediante Aviso de Recebimento (AR).<\/p>\n<p>\u00a0<\/p>\n<\/div>\n","protected":false},"excerpt":{"rendered":"<p>Conforme j\u00e1 divulgado amplamente pela diretoria do SINPRF-SP por meio dos canais de comunica\u00e7\u00e3o do sindicato, a a\u00e7\u00e3o judicial referente \u00e0 indeniza\u00e7\u00e3o pelo desconto indevido do PSS sobre 1\/3 de f\u00e9rias, no per\u00edodo entre 2007 e 2012, encontra-se na fase de execu\u00e7\u00e3o e para o devido pagamento se faz necess\u00e1rio a valida\u00e7\u00e3o do contrato individual [&hellip;]<\/p>\n","protected":false},"author":3,"featured_media":13870,"comment_status":"closed","ping_status":"closed","sticky":false,"template":"","format":"standard","meta":{"footnotes":""},"categories":[41],"tags":[],"class_list":["post-13869","post","type-post","status-publish","format-standard","has-post-thumbnail","hentry","category-noticias-em-destaque"],"_links":{"self":[{"href":"https:\/\/sinprfsp.org.br\/index.php\/wp-json\/wp\/v2\/posts\/13869","targetHints":{"allow":["GET"]}}],"collection":[{"href":"https:\/\/sinprfsp.org.br\/index.php\/wp-json\/wp\/v2\/posts"}],"about":[{"href":"https:\/\/sinprfsp.org.br\/index.php\/wp-json\/wp\/v2\/types\/post"}],"author":[{"embeddable":true,"href":"https:\/\/sinprfsp.org.br\/index.php\/wp-json\/wp\/v2\/users\/3"}],"replies":[{"embeddable":true,"href":"https:\/\/sinprfsp.org.br\/index.php\/wp-json\/wp\/v2\/comments?post=13869"}],"version-history":[{"count":1,"href":"https:\/\/sinprfsp.org.br\/index.php\/wp-json\/wp\/v2\/posts\/13869\/revisions"}],"predecessor-version":[{"id":13871,"href":"https:\/\/sinprfsp.org.br\/index.php\/wp-json\/wp\/v2\/posts\/13869\/revisions\/13871"}],"wp:featuredmedia":[{"embeddable":true,"href":"https:\/\/sinprfsp.org.br\/index.php\/wp-json\/wp\/v2\/media\/13870"}],"wp:attachment":[{"href":"https:\/\/sinprfsp.org.br\/index.php\/wp-json\/wp\/v2\/media?parent=13869"}],"wp:term":[{"taxonomy":"category","embeddable":true,"href":"https:\/\/sinprfsp.org.br\/index.php\/wp-json\/wp\/v2\/categories?post=13869"},{"taxonomy":"post_tag","embeddable":true,"href":"https:\/\/sinprfsp.org.br\/index.php\/wp-json\/wp\/v2\/tags?post=13869"}],"curies":[{"name":"wp","href":"https:\/\/api.w.org\/{rel}","templated":true}]}}