{"id":13872,"date":"2018-03-05T11:39:55","date_gmt":"2018-03-05T14:39:55","guid":{"rendered":"https:\/\/mjtom.com.br\/site1\/?p=13872"},"modified":"2022-01-07T13:03:18","modified_gmt":"2022-01-07T16:03:18","slug":"sinprf-sp-inicia-pesquisa-de-opiniao-junto-aos-seus-sindicalizados","status":"publish","type":"post","link":"https:\/\/sinprfsp.org.br\/index.php\/2018\/03\/05\/sinprf-sp-inicia-pesquisa-de-opiniao-junto-aos-seus-sindicalizados\/","title":{"rendered":"SINPRF-SP inicia pesquisa de opini\u00e3o junto aos seus sindicalizados"},"content":{"rendered":"<div class=\"descricao\">\n<p class=\"Pargrafobsico\" style=\"text-align: justify;\">A diretoria do SINPRF-SP visando pautar suas a\u00e7\u00f5es em prol da categoria, elaborou uma pesquisa que permitir\u00e1 direcionar suas a\u00e7\u00f5es neste ano de importantes lutas em defesa dos PRFs.<\/p>\n<p class=\"Pargrafobsico\" style=\"text-align: justify;\">\u00a0A categoria vive um per\u00edodo de grandes embates pol\u00edticos, com muitas tentativas do governo em retroceder os direitos dos PRFs. Nos \u00faltimos meses foram v\u00e1rias batalhas travadas, como a luta em defesa do cumprimento do acordo que previa o reajuste, contra a tentativa de majora\u00e7\u00e3o da al\u00edquota do PSS e contra a reforma da Previd\u00eancia. Sem citarmos a interven\u00e7\u00e3o federal no Rio de Janeiro, em que o governo de uma \u00fanica vez conseguiu colocar a vota\u00e7\u00e3o da reforma da Previd\u00eancia em \u201cstand by\u201d, criando tempo h\u00e1bil para tentar angariar votos para aprova\u00e7\u00e3o da mesma e ainda gerou a necessidade e a fantasiosa ideia de que, ao se instituir um novo Minist\u00e9rio da Seguran\u00e7a P\u00fablica, todos os problemas da Seguran\u00e7a P\u00fablica ser\u00e3o resolvidos e, como se ainda n\u00e3o bastasse tudo isso, ao contr\u00e1rio da atribui\u00e7\u00e3o prevista em lei, assinou um protocolo com o governo do Estado de S\u00e3o Paulo de coopera\u00e7\u00e3o para consentir que a Pol\u00edcia Militar atue na \u201crepress\u00e3o, fiscaliza\u00e7\u00e3o e multas que forem necess\u00e1rias em hip\u00f3teses legais\u201d, nas rodovias Dutra e Fern\u00e3o Dias.<\/p>\n<p style=\"text-align: justify;\">Para responder o question\u00e1rio, basta o sindicalizado acessar o link:<span style=\"color: #ff0000;\"> <a href=\"https:\/\/goo.gl\/forms\/ZhPO5jWhEJsRo2iB3\"><span style=\"color: #ff0000;\"><strong>https:\/\/goo.gl\/forms\/ZhPO5jWhEJsRo2iB3<\/strong><\/span><\/a><\/span>.\u00a0 A colabora\u00e7\u00e3o de todos \u00e9 de suma import\u00e2ncia.<\/p>\n<\/div>\n","protected":false},"excerpt":{"rendered":"<p>A diretoria do SINPRF-SP visando pautar suas a\u00e7\u00f5es em prol da categoria, elaborou uma pesquisa que permitir\u00e1 direcionar suas a\u00e7\u00f5es neste ano de importantes lutas em defesa dos PRFs. \u00a0A categoria vive um per\u00edodo de grandes embates pol\u00edticos, com muitas tentativas do governo em retroceder os direitos dos PRFs. Nos \u00faltimos meses foram v\u00e1rias batalhas [&hellip;]<\/p>\n","protected":false},"author":3,"featured_media":13873,"comment_status":"closed","ping_status":"closed","sticky":false,"template":"","format":"standard","meta":{"footnotes":""},"categories":[41],"tags":[],"class_list":["post-13872","post","type-post","status-publish","format-standard","has-post-thumbnail","hentry","category-noticias-em-destaque"],"_links":{"self":[{"href":"https:\/\/sinprfsp.org.br\/index.php\/wp-json\/wp\/v2\/posts\/13872","targetHints":{"allow":["GET"]}}],"collection":[{"href":"https:\/\/sinprfsp.org.br\/index.php\/wp-json\/wp\/v2\/posts"}],"about":[{"href":"https:\/\/sinprfsp.org.br\/index.php\/wp-json\/wp\/v2\/types\/post"}],"author":[{"embeddable":true,"href":"https:\/\/sinprfsp.org.br\/index.php\/wp-json\/wp\/v2\/users\/3"}],"replies":[{"embeddable":true,"href":"https:\/\/sinprfsp.org.br\/index.php\/wp-json\/wp\/v2\/comments?post=13872"}],"version-history":[{"count":1,"href":"https:\/\/sinprfsp.org.br\/index.php\/wp-json\/wp\/v2\/posts\/13872\/revisions"}],"predecessor-version":[{"id":13874,"href":"https:\/\/sinprfsp.org.br\/index.php\/wp-json\/wp\/v2\/posts\/13872\/revisions\/13874"}],"wp:featuredmedia":[{"embeddable":true,"href":"https:\/\/sinprfsp.org.br\/index.php\/wp-json\/wp\/v2\/media\/13873"}],"wp:attachment":[{"href":"https:\/\/sinprfsp.org.br\/index.php\/wp-json\/wp\/v2\/media?parent=13872"}],"wp:term":[{"taxonomy":"category","embeddable":true,"href":"https:\/\/sinprfsp.org.br\/index.php\/wp-json\/wp\/v2\/categories?post=13872"},{"taxonomy":"post_tag","embeddable":true,"href":"https:\/\/sinprfsp.org.br\/index.php\/wp-json\/wp\/v2\/tags?post=13872"}],"curies":[{"name":"wp","href":"https:\/\/api.w.org\/{rel}","templated":true}]}}