{"id":13893,"date":"2018-02-22T11:40:21","date_gmt":"2018-02-22T14:40:21","guid":{"rendered":"https:\/\/mjtom.com.br\/site1\/?p=13893"},"modified":"2022-01-07T13:03:17","modified_gmt":"2022-01-07T16:03:17","slug":"diretores-do-sinprf-sp-cumprem-agenda-de-compromissos-em-brasilia","status":"publish","type":"post","link":"https:\/\/sinprfsp.org.br\/index.php\/2018\/02\/22\/diretores-do-sinprf-sp-cumprem-agenda-de-compromissos-em-brasilia\/","title":{"rendered":"Diretores do SINPRF-SP cumprem agenda de compromissos em Bras\u00edlia"},"content":{"rendered":"<div class=\"descricao\">\n<p class=\"Pargrafobsico\" style=\"text-align: justify;\">O presidente do SINPRF-SP, F\u00e1bio Lu\u00eds de Almeida, o Diretor Parlamentar M\u00e1rcio Pontes e o Diretor Parlamentar Suplente Ricardo Luiz Gomes, encontram-se em Bras\u00edlia esta semana, cumprindo uma s\u00e9rie de reuni\u00f5es e visitas aos parlamentares em busca de apoio contra a PEC 287.<\/p>\n<p class=\"Pargrafobsico\" style=\"text-align: justify;\">Como parte da agenda de compromissos, os diretores sindicais participaram nesta ter\u00e7a-feira (20) de Assembleia Geral Extraordin\u00e1ria (AGE) da FenaPRF, que debateu sobre os principais assuntos de interesse da categoria como a interven\u00e7\u00e3o federal e seus desdobramentos em rela\u00e7\u00e3o \u00e0 vota\u00e7\u00e3o da reforma da previd\u00eancia, PEC 287, congelamento dos reajustes, aumento da al\u00edquota previdenci\u00e1ria, entre outros.<\/p>\n<p class=\"Pargrafobsico\" style=\"text-align: justify;\">A AGE contou com a participa\u00e7\u00e3o do presidente da Confedera\u00e7\u00e3o Nacional das Carreiras T\u00edpicas de Estado (Conacate), Ant\u00f4nio Carlos Fernandes J\u00fanior que apresentou uma avalia\u00e7\u00e3o sobre o atual panorama pol\u00edtico e os poss\u00edveis desdobramentos futuros, diante da proximidade das elei\u00e7\u00f5es de outubro deste ano.<\/p>\n<p class=\"Pargrafobsico\" style=\"text-align: justify;\">Um dos assuntos mais debatidos na ocasi\u00e3o e objeto de ampla an\u00e1lise feita por consultores; a suspens\u00e3o da tramita\u00e7\u00e3o da reforma da previd\u00eancia, em virtude da interven\u00e7\u00e3o federal no Rio de Janeiro, demonstrou mais uma vez a import\u00e2ncia de uma maior organiza\u00e7\u00e3o sindical para o enfrentamento das amea\u00e7as aos direitos dos policiais. Outra pauta discutida foi a recente not\u00edcia divulgada acerca da cria\u00e7\u00e3o de um Minist\u00e9rio da Seguran\u00e7a P\u00fablica, e os rumores em torno da cria\u00e7\u00e3o de cargos intermedi\u00e1rios.<\/p>\n<p class=\"Pargrafobsico\" style=\"text-align: justify;\">Ap\u00f3s a AGE, os representantes sindicais juntamente com o PRF Celso, da Assessoria Parlamentar da 6\u00aa SRPRF, realizaram visitas aos deputados federais e senadores,\u00a0 dentre eles o deputado federal Gilberto Nascimento (PSC-SP). Sobre a visita, o presidente do SINPRF-SP, F\u00e1bio Lu\u00eds conta que o parlamentar fez um alerta a respeito da cria\u00e7\u00e3o do Minist\u00e9rio da Seguran\u00e7a P\u00fablica. \u201cO deputado nos alertou para a necessidade das for\u00e7as de seguran\u00e7a ocuparem seus lugares no Minist\u00e9rio da Seguran\u00e7a que est\u00e1 sendo criado\u201d, disse.<\/p>\n<p class=\"Pargrafobsico\" style=\"text-align: justify;\">Outro evento que contou com a participa\u00e7\u00e3o dos diretores foi um Caf\u00e9 Parlamentar, realizado nesta quarta-feira (21), na C\u00e2mara dos Deputados. \u201cNeste momento \u00e9 essencial este contato com nossos parlamentares. Com a interven\u00e7\u00e3o, o governo nos apresentou um novo cen\u00e1rio, no qual deveremos mais do nunca nos mantermos mobilizados e atentos\u201d, explicou F\u00e1bio Lu\u00eds.<\/p>\n<p style=\"text-align: justify;\">O evento tamb\u00e9m marcou a divulga\u00e7\u00e3o dos resultados de uma pesquisa sobre a imagem da PRF perante a sociedade brasileira, encomendada pelo sistema sindical da PRF.<\/p>\n<\/div>\n","protected":false},"excerpt":{"rendered":"<p>O presidente do SINPRF-SP, F\u00e1bio Lu\u00eds de Almeida, o Diretor Parlamentar M\u00e1rcio Pontes e o Diretor Parlamentar Suplente Ricardo Luiz Gomes, encontram-se em Bras\u00edlia esta semana, cumprindo uma s\u00e9rie de reuni\u00f5es e visitas aos parlamentares em busca de apoio contra a PEC 287. Como parte da agenda de compromissos, os diretores sindicais participaram nesta ter\u00e7a-feira [&hellip;]<\/p>\n","protected":false},"author":3,"featured_media":13894,"comment_status":"closed","ping_status":"closed","sticky":false,"template":"","format":"standard","meta":{"footnotes":""},"categories":[41],"tags":[],"class_list":["post-13893","post","type-post","status-publish","format-standard","has-post-thumbnail","hentry","category-noticias-em-destaque"],"_links":{"self":[{"href":"https:\/\/sinprfsp.org.br\/index.php\/wp-json\/wp\/v2\/posts\/13893","targetHints":{"allow":["GET"]}}],"collection":[{"href":"https:\/\/sinprfsp.org.br\/index.php\/wp-json\/wp\/v2\/posts"}],"about":[{"href":"https:\/\/sinprfsp.org.br\/index.php\/wp-json\/wp\/v2\/types\/post"}],"author":[{"embeddable":true,"href":"https:\/\/sinprfsp.org.br\/index.php\/wp-json\/wp\/v2\/users\/3"}],"replies":[{"embeddable":true,"href":"https:\/\/sinprfsp.org.br\/index.php\/wp-json\/wp\/v2\/comments?post=13893"}],"version-history":[{"count":1,"href":"https:\/\/sinprfsp.org.br\/index.php\/wp-json\/wp\/v2\/posts\/13893\/revisions"}],"predecessor-version":[{"id":13895,"href":"https:\/\/sinprfsp.org.br\/index.php\/wp-json\/wp\/v2\/posts\/13893\/revisions\/13895"}],"wp:featuredmedia":[{"embeddable":true,"href":"https:\/\/sinprfsp.org.br\/index.php\/wp-json\/wp\/v2\/media\/13894"}],"wp:attachment":[{"href":"https:\/\/sinprfsp.org.br\/index.php\/wp-json\/wp\/v2\/media?parent=13893"}],"wp:term":[{"taxonomy":"category","embeddable":true,"href":"https:\/\/sinprfsp.org.br\/index.php\/wp-json\/wp\/v2\/categories?post=13893"},{"taxonomy":"post_tag","embeddable":true,"href":"https:\/\/sinprfsp.org.br\/index.php\/wp-json\/wp\/v2\/tags?post=13893"}],"curies":[{"name":"wp","href":"https:\/\/api.w.org\/{rel}","templated":true}]}}